{"id":13784,"date":"2018-10-07T17:11:43","date_gmt":"2018-10-07T14:11:43","guid":{"rendered":"https:\/\/inginerie.aero\/?p=13784"},"modified":"2018-10-13T10:00:54","modified_gmt":"2018-10-13T07:00:54","slug":"president-klaus-iohannis-university-politehnica-bucharest","status":"publish","type":"post","link":"https:\/\/inginerie.aero\/index.php\/en\/2018\/10\/07\/president-klaus-iohannis-university-politehnica-bucharest\/","title":{"rendered":"President Klaus Iohannis at the University Politehnica of Bucharest"},"content":{"rendered":"<p>[et_pb_section bb_built=&#8221;1&#8243; fullwidth=&#8221;off&#8221; specialty=&#8221;on&#8221;][et_pb_column type=&#8221;3_4&#8243; specialty_columns=&#8221;3&#8243;][et_pb_row_inner admin_label=&#8221;Row&#8221;][et_pb_column_inner type=&#8221;4_4&#8243; saved_specialty_column_type=&#8221;3_4&#8243;][et_pb_text background_layout=&#8221;light&#8221; text_orientation=&#8221;justified&#8221; use_border_color=&#8221;off&#8221; _builder_version=&#8221;3.0.92&#8243;]<\/p>\n<p>&nbsp;<\/p>\n<p>On 4 October 2018 in the New Aula of the University Politehnica of Bucharest, we celebrated 200 years since Gheorghe Lazar founded the first higher technical school in Wallachia, The Academic School for Philosophy and Mathematics Sciences at the Monastery St. Sava of Bucharest. The current University Politehnica of Bucharest evolved from this school, celebrating today 200 years of existence. The event enjoyed the participation of His Excellency, Klaus Iohannis, President of Romania, and also of Sorin C\u00e2mpeanu, ex-Minister of Education, and Ioan Aurel Pop, President of the Romanian Academy. Rector Mihnea Costoiu opened the event with a vibrant speech about the values fostered by Politehnica in the Romanian society. We were honoured by the repeated mentions of our mechanics professor for many generations of aerospace engineers, Academician Radu Voinea, and also the mention of cosmonaut Dumitru Dorin Prunariu among the most remarkable alumni of Politehnica in the 200 years of existence.<\/p>\n<p>President Klaus Iohannis mentioned the academic performance of the University Politehnica of Bucharest and encouraged us to sustain it in the international context, in which universities must increase their competitiveness. European universities will be organized as consortia, but such opportunities demand quick adaptations. The President mentioned among the priorities debureaucratization of universities, the existence of a qualified auxiliary staff and curricular adaptation (the whole\u00a0<a href=\"http:\/\/www.presidency.ro\/ro\/presedinte\/agenda-presedintelui\/participare-la-evenimentul-prilejuit-de-aniversarea-a-200-de-ani-ai-universitatii-politehnica-bucuresti\" target=\"_blank\" rel=\"noopener\">speech of President Klaus Iohannis<\/a>). Minister Sorin C\u00e2mpeanu addressed the current problems of the Romanian higher education system. The President of the Romanian Academy, Ioan Aurel Pop presented a fascinating vision of the higher education the Romanian language in Transylvanian context, about the activity of\u00a0 Gheorghe Laz\u0103r.<\/p>\n<p>After the festivity, His Excellency President Klaus Iohannis visited the CAMPUS research center. Among the visited laboratories, he was interested by the the Laboratory of Flight Tests and Experimental Models led by Vice Dean Assoc. Prof. Dr. Eng. Petri\u0219or P\u00e2rvu. We got a couple of images. The delegation of this rewarding visit was joined by personalities of the University Politehnica of Bucharest: Mr. Rector Mihnea Costoiu, Mrs. President of the Senate Ecaterina Andronescu, Mr. Vice President of the Senate.Corneliu Burileanu \u0219i Prof. Dr. Bogdan Ionescu, coordinator of the CAMPUS Research Center.<\/p>\n<p><img loading=\"lazy\" decoding=\"async\" class=\"alignnone size-large wp-image-13780\" src=\"https:\/\/inginerie.aero\/wp-content\/uploads\/2018\/10\/IMG_6574_lores-1024x768.jpg\" alt=\"\" width=\"1024\" height=\"768\" srcset=\"https:\/\/inginerie.aero\/wp-content\/uploads\/2018\/10\/IMG_6574_lores.jpg 1024w, https:\/\/inginerie.aero\/wp-content\/uploads\/2018\/10\/IMG_6574_lores-300x225.jpg 300w, https:\/\/inginerie.aero\/wp-content\/uploads\/2018\/10\/IMG_6574_lores-768x576.jpg 768w, https:\/\/inginerie.aero\/wp-content\/uploads\/2018\/10\/IMG_6574_lores-510x382.jpg 510w, https:\/\/inginerie.aero\/wp-content\/uploads\/2018\/10\/IMG_6574_lores-610x458.jpg 610w\" sizes=\"(max-width: 1024px) 100vw, 1024px\" \/><\/p>\n<p><img loading=\"lazy\" decoding=\"async\" class=\"alignnone size-large wp-image-13781\" src=\"https:\/\/inginerie.aero\/wp-content\/uploads\/2018\/10\/IMG_6570_lores-1024x768.jpg\" alt=\"\" width=\"1024\" height=\"768\" srcset=\"https:\/\/inginerie.aero\/wp-content\/uploads\/2018\/10\/IMG_6570_lores.jpg 1024w, https:\/\/inginerie.aero\/wp-content\/uploads\/2018\/10\/IMG_6570_lores-300x225.jpg 300w, https:\/\/inginerie.aero\/wp-content\/uploads\/2018\/10\/IMG_6570_lores-768x576.jpg 768w, https:\/\/inginerie.aero\/wp-content\/uploads\/2018\/10\/IMG_6570_lores-510x382.jpg 510w, https:\/\/inginerie.aero\/wp-content\/uploads\/2018\/10\/IMG_6570_lores-610x458.jpg 610w\" sizes=\"(max-width: 1024px) 100vw, 1024px\" \/><\/p>\n<p><img loading=\"lazy\" decoding=\"async\" class=\"alignnone size-full wp-image-13782\" src=\"https:\/\/inginerie.aero\/wp-content\/uploads\/2018\/10\/43157235_302406707014874_339032271531016192_n.jpg\" alt=\"\" width=\"960\" height=\"638\" srcset=\"https:\/\/inginerie.aero\/wp-content\/uploads\/2018\/10\/43157235_302406707014874_339032271531016192_n.jpg 960w, https:\/\/inginerie.aero\/wp-content\/uploads\/2018\/10\/43157235_302406707014874_339032271531016192_n-300x199.jpg 300w, https:\/\/inginerie.aero\/wp-content\/uploads\/2018\/10\/43157235_302406707014874_339032271531016192_n-768x510.jpg 768w, https:\/\/inginerie.aero\/wp-content\/uploads\/2018\/10\/43157235_302406707014874_339032271531016192_n-610x405.jpg 610w\" sizes=\"(max-width: 960px) 100vw, 960px\" \/><\/p>\n<p>&nbsp;<\/p>\n<p>[\/et_pb_text][et_pb_divider color=&#8221;rgba(147,175,193,0.39)&#8221; show_divider=&#8221;on&#8221; divider_style=&#8221;solid&#8221; divider_position=&#8221;top&#8221; hide_on_mobile=&#8221;on&#8221; \/][et_pb_comments show_avatar=&#8221;on&#8221; show_reply=&#8221;on&#8221; show_count=&#8221;off&#8221; background_layout=&#8221;light&#8221; use_border_color=&#8221;off&#8221; border_color=&#8221;#ffffff&#8221; border_style=&#8221;solid&#8221; custom_button=&#8221;off&#8221; button_letter_spacing=&#8221;0&#8243; button_use_icon=&#8221;default&#8221; button_icon_placement=&#8221;right&#8221; button_on_hover=&#8221;on&#8221; button_letter_spacing_hover=&#8221;0&#8243; \/][\/et_pb_column_inner][\/et_pb_row_inner][\/et_pb_column][et_pb_column type=&#8221;1_4&#8243;][et_pb_blog fullwidth=&#8221;off&#8221; include_categories=&#8221;11&#8243; show_thumbnail=&#8221;off&#8221; show_content=&#8221;off&#8221; show_more=&#8221;off&#8221; show_author=&#8221;on&#8221; show_date=&#8221;on&#8221; show_categories=&#8221;off&#8221; show_comments=&#8221;off&#8221; show_pagination=&#8221;on&#8221; offset_number=&#8221;0&#8243; use_overlay=&#8221;off&#8221; background_layout=&#8221;light&#8221; use_dropshadow=&#8221;on&#8221; use_border_color=&#8221;on&#8221; border_color=&#8221;#e5e5e5&#8243; border_style=&#8221;solid&#8221; \/][\/et_pb_column][\/et_pb_section]<\/p>\n","protected":false},"excerpt":{"rendered":"<p>&nbsp; On 4 October 2018 in the New Aula of the University Politehnica of Bucharest, we celebrated 200 years since Gheorghe Lazar founded the first higher technical school in Wallachia, The Academic School for Philosophy and Mathematics Sciences at the Monastery St. Sava of Bucharest. The current University Politehnica of Bucharest evolved from this school, [&hellip;]<\/p>\n","protected":false},"author":5,"featured_media":13779,"comment_status":"open","ping_status":"open","sticky":false,"template":"","format":"standard","meta":{"_et_pb_use_builder":"on","_et_pb_old_content":"<p>[et_pb_section bb_built=\"1\" fullwidth=\"off\" specialty=\"on\"][et_pb_column type=\"3_4\" specialty_columns=\"3\"][et_pb_row_inner admin_label=\"Row\"][et_pb_column_inner type=\"4_4\" saved_specialty_column_type=\"3_4\"][et_pb_text background_layout=\"light\" text_orientation=\"justified\" use_border_color=\"off\" border_color=\"#ffffff\" border_style=\"solid\" _builder_version=\"3.0.92\"]<\/p><p>Pe 4 octombrie 2018 \u00een Noua Aul\u0103 a Universit\u0103\u021bii Politehnica din Bucure\u0219ti s-a desf\u0103\u0219urat un eveniment festiv cu ocazia anivers\u0103rii a 200 de ani de la \u00eenfiin\u021barea de c\u0103tre Gheorghe Laz\u0103r a primei \u0219coli superioare tehnice din \u021aara Rom\u00e2neasc\u0103, \u201d\u015ecoala Academiceasc\u0103 pentru \u015etiin\u0163ele Filozofe\u015fti \u015fi Matematice\u015fti\u201d de la M\u00e2nastirea Sf\u00e2ntul Sava din Bucure\u015fti. Din aceasta e evoluat Universitatea Politehnica din Bucure\u0219ti, care ast\u0103zi aniverseaz\u0103 astfel dou\u0103 secole de existen\u021b\u0103. Evenimentul s-a bucurat de prezen\u021ba ES dl. Pre\u0219edinte Klaus Iohannis, a d-lui Ministru Sorin C\u00e2mpeanu, a d-lui Pre\u0219edinte al Academiei Ioan Aurel Pop, precum \u0219i a majorit\u0103\u021bii Rectorilor universit\u0103\u021bilor din Rom\u00e2nia \u00eentruni\u021bi \u00een Consiliul Na\u021bional al Rectorilor. Dl. Rector Mihnea Costoiu a deschis evenimentul cu un discurs vibrant, \u00een care am reg\u0103sit valorile promovate de Politehnic\u0103 \u00een societatea rom\u00e2neasc\u0103. Ne-a onorat omagierea Academicianului Radu Voinea, profesorul de mecanic\u0103 al multor genera\u021bii de aeronavi\u0219ti \u0219i de asemenea, men\u021bionarea cosmonautului Dumitru Dorin Prunariu printre cei mai remarcabili absolven\u021bi ai Politehnicii \u00een cei 200 de ani de existen\u021b\u0103.<\/p><p>Dl. Pre\u0219edinte Klaus Iohannis a men\u021bionat performan\u021ba academic\u0103 a Universit\u0103\u021bii Politehnica din Bucure\u0219ti \u0219i a \u00eencurajat\u00a0 sus\u021binerea acesteia \u00een contextul interna\u021bional, \u00een care universit\u0103\u021bile trebuie s\u0103 devin\u0103 tot mai competitive. Se vor organiza universit\u0103\u021bi europene sub forma de consor\u021bii, dar aceste oportunit\u0103\u021bi necesit\u0103 o adaptare rapid\u0103. Pre\u0219edintele a men\u021bionat printre priorit\u0103\u021bi debirocratizarea, existen\u021ba unui personal auxiliar calificat \u0219i adaptarea curricular\u0103 (\u00eentregul\u00a0<a href=\"http:\/\/www.presidency.ro\/ro\/presedinte\/agenda-presedintelui\/participare-la-evenimentul-prilejuit-de-aniversarea-a-200-de-ani-ai-universitatii-politehnica-bucuresti\" target=\"_blank\" rel=\"noopener\">discurs al Pre\u0219edintelui Klaus Iohannis<\/a>). Dl. Ministru Sorin C\u00e2mpeanu s-a referit la problemele actuale ale \u00eenv\u0103\u021b\u0103m\u00e2ntului superior rom\u00e2nesc. Dl. Pre\u0219edinte al Academiei, Ioan Aurel Pop ne-a oferit o viziune interesant\u0103 a \u00eenv\u0103\u021b\u0103m\u00e2ntului superior \u00een limba rom\u00e2n\u0103, \u00een context transilv\u0103nean, despre activitatea lui Gheorghe Laz\u0103r.<\/p><p>Dup\u0103 festivit\u0103\u021bi, ES Pre\u0219edintele Klaus Iohannis a vizitat Centrul de Cercet\u0103ri CAMPUS. Printre laboratoarele vizitate s-a num\u0103rat \u0219i Laboratorul de \u00cencerc\u0103ri \u00een Zbor \u0219i Modele Experimentale condus de Prodecan Conf. dr. ing. Petri\u0219or P\u00e2rvu, de la care am surprins c\u00e2teva imagini. Delega\u021bia acestei onorante vizite a fost \u00eenso\u021bit\u0103 de personalit\u0103\u021bi ale Universit\u0103\u021bii Politehnica din Bucure\u0219ti: dl. Rector Mihnea Costoiu, d-na Pre\u0219edinte al Senatului Ecaterina Andronescu, dl. Vicepre\u0219edinte al Senatului Corneliu Burileanu \u0219i dl. Prof. Bogdan Ionescu, coordonator al Centrului de cercet\u0103ri CAMPUS.<\/p><p><img class=\"alignnone size-large wp-image-13780\" src=\"https:\/\/inginerie.aero\/wp-content\/uploads\/2018\/10\/IMG_6574_lores-1024x768.jpg\" alt=\"\" width=\"1024\" height=\"768\" \/><\/p><p><img class=\"alignnone size-large wp-image-13781\" src=\"https:\/\/inginerie.aero\/wp-content\/uploads\/2018\/10\/IMG_6570_lores-1024x768.jpg\" alt=\"\" width=\"1024\" height=\"768\" \/><\/p><p><img class=\"alignnone size-full wp-image-13782\" src=\"https:\/\/inginerie.aero\/wp-content\/uploads\/2018\/10\/43157235_302406707014874_339032271531016192_n.jpg\" alt=\"\" width=\"960\" height=\"638\" \/><\/p><p>[\/et_pb_text][et_pb_divider color=\"rgba(147,175,193,0.39)\" show_divider=\"on\" divider_style=\"solid\" divider_position=\"top\" hide_on_mobile=\"on\" \/][et_pb_comments show_avatar=\"on\" show_reply=\"on\" show_count=\"off\" background_layout=\"light\" use_border_color=\"off\" border_color=\"#ffffff\" border_style=\"solid\" custom_button=\"off\" button_letter_spacing=\"0\" button_use_icon=\"default\" button_icon_placement=\"right\" button_on_hover=\"on\" button_letter_spacing_hover=\"0\" \/][\/et_pb_column_inner][\/et_pb_row_inner][\/et_pb_column][et_pb_column type=\"1_4\"][et_pb_blog fullwidth=\"off\" include_categories=\"11\" show_thumbnail=\"off\" show_content=\"off\" show_more=\"off\" show_author=\"on\" show_date=\"on\" show_categories=\"off\" show_comments=\"off\" show_pagination=\"on\" offset_number=\"0\" use_overlay=\"off\" background_layout=\"light\" use_dropshadow=\"on\" use_border_color=\"on\" border_color=\"#e5e5e5\" border_style=\"solid\" \/][\/et_pb_column][\/et_pb_section]<\/p>","_et_gb_content_width":"","jetpack_post_was_ever_published":false,"_jetpack_newsletter_access":"","_jetpack_dont_email_post_to_subs":false,"_jetpack_newsletter_tier_id":0,"_jetpack_memberships_contains_paywalled_content":false,"_jetpack_memberships_contains_paid_content":false,"footnotes":"","jetpack_publicize_message":"","jetpack_publicize_feature_enabled":true,"jetpack_social_post_already_shared":true,"jetpack_social_options":{"image_generator_settings":{"template":"highway","enabled":false},"version":2},"_links_to":"","_links_to_target":""},"categories":[127,55,51],"tags":[],"class_list":["post-13784","post","type-post","status-publish","format-standard","has-post-thumbnail","hentry","category-aviation-and-astronautics","category-events","category-news"],"jetpack_publicize_connections":[],"yoast_head":"<!-- This site is optimized with the Yoast SEO plugin v24.3 - https:\/\/yoast.com\/wordpress\/plugins\/seo\/ -->\n<title>President Klaus Iohannis at the University Politehnica of Bucharest - Alumni Politehnica Aerospace Engineering<\/title>\n<meta name=\"robots\" content=\"index, follow, max-snippet:-1, max-image-preview:large, max-video-preview:-1\" \/>\n<link rel=\"canonical\" href=\"https:\/\/inginerie.aero\/index.php\/en\/2018\/10\/07\/president-klaus-iohannis-university-politehnica-bucharest\/\" \/>\n<meta property=\"og:locale\" content=\"ro_RO\" \/>\n<meta property=\"og:type\" content=\"article\" \/>\n<meta property=\"og:title\" content=\"President Klaus Iohannis at the University Politehnica of Bucharest - Alumni Politehnica Aerospace Engineering\" \/>\n<meta property=\"og:description\" content=\"&nbsp; On 4 October 2018 in the New Aula of the University Politehnica of Bucharest, we celebrated 200 years since Gheorghe Lazar founded the first higher technical school in Wallachia, The Academic School for Philosophy and Mathematics Sciences at the Monastery St. Sava of Bucharest. The current University Politehnica of Bucharest evolved from this school, [&hellip;]\" \/>\n<meta property=\"og:url\" content=\"https:\/\/inginerie.aero\/index.php\/en\/2018\/10\/07\/president-klaus-iohannis-university-politehnica-bucharest\/\" \/>\n<meta property=\"og:site_name\" content=\"Alumni Politehnica Aerospace Engineering\" \/>\n<meta property=\"article:publisher\" content=\"https:\/\/www.facebook.com\/groups\/InginerieAerospatiala\/\" \/>\n<meta property=\"article:published_time\" content=\"2018-10-07T14:11:43+00:00\" \/>\n<meta property=\"article:modified_time\" content=\"2018-10-13T07:00:54+00:00\" \/>\n<meta property=\"og:image\" content=\"https:\/\/inginerie.aero\/wp-content\/uploads\/2018\/10\/KlausIohannis_UPB-e1538916516442.jpg\" \/>\n\t<meta property=\"og:image:width\" content=\"1024\" \/>\n\t<meta property=\"og:image:height\" content=\"450\" \/>\n\t<meta property=\"og:image:type\" content=\"image\/jpeg\" \/>\n<meta name=\"author\" content=\"Octavian Thor Pleter\" \/>\n<meta name=\"twitter:card\" content=\"summary_large_image\" \/>\n<meta name=\"twitter:label1\" content=\"Scris de\" \/>\n\t<meta name=\"twitter:data1\" content=\"Octavian Thor Pleter\" \/>\n\t<meta name=\"twitter:label2\" content=\"Timp estimat pentru citire\" \/>\n\t<meta name=\"twitter:data2\" content=\"3 minute\" \/>\n<script type=\"application\/ld+json\" class=\"yoast-schema-graph\">{\"@context\":\"https:\/\/schema.org\",\"@graph\":[{\"@type\":\"Article\",\"@id\":\"https:\/\/inginerie.aero\/index.php\/en\/2018\/10\/07\/president-klaus-iohannis-university-politehnica-bucharest\/#article\",\"isPartOf\":{\"@id\":\"https:\/\/inginerie.aero\/index.php\/en\/2018\/10\/07\/president-klaus-iohannis-university-politehnica-bucharest\/\"},\"author\":{\"name\":\"Octavian Thor Pleter\",\"@id\":\"https:\/\/inginerie.aero\/#\/schema\/person\/b0d5910765f3ac927c3c0b221cf4c59a\"},\"headline\":\"President Klaus Iohannis at the University Politehnica of Bucharest\",\"datePublished\":\"2018-10-07T14:11:43+00:00\",\"dateModified\":\"2018-10-13T07:00:54+00:00\",\"mainEntityOfPage\":{\"@id\":\"https:\/\/inginerie.aero\/index.php\/en\/2018\/10\/07\/president-klaus-iohannis-university-politehnica-bucharest\/\"},\"wordCount\":555,\"commentCount\":0,\"publisher\":{\"@id\":\"https:\/\/inginerie.aero\/#organization\"},\"image\":{\"@id\":\"https:\/\/inginerie.aero\/index.php\/en\/2018\/10\/07\/president-klaus-iohannis-university-politehnica-bucharest\/#primaryimage\"},\"thumbnailUrl\":\"https:\/\/inginerie.aero\/wp-content\/uploads\/2018\/10\/KlausIohannis_UPB-e1538916516442.jpg\",\"articleSection\":[\"Aviation and Astronautics\",\"Events\",\"News\"],\"inLanguage\":\"ro-RO\",\"potentialAction\":[{\"@type\":\"CommentAction\",\"name\":\"Comment\",\"target\":[\"https:\/\/inginerie.aero\/index.php\/en\/2018\/10\/07\/president-klaus-iohannis-university-politehnica-bucharest\/#respond\"]}]},{\"@type\":\"WebPage\",\"@id\":\"https:\/\/inginerie.aero\/index.php\/en\/2018\/10\/07\/president-klaus-iohannis-university-politehnica-bucharest\/\",\"url\":\"https:\/\/inginerie.aero\/index.php\/en\/2018\/10\/07\/president-klaus-iohannis-university-politehnica-bucharest\/\",\"name\":\"President Klaus Iohannis at the University Politehnica of Bucharest - Alumni Politehnica Aerospace Engineering\",\"isPartOf\":{\"@id\":\"https:\/\/inginerie.aero\/#website\"},\"primaryImageOfPage\":{\"@id\":\"https:\/\/inginerie.aero\/index.php\/en\/2018\/10\/07\/president-klaus-iohannis-university-politehnica-bucharest\/#primaryimage\"},\"image\":{\"@id\":\"https:\/\/inginerie.aero\/index.php\/en\/2018\/10\/07\/president-klaus-iohannis-university-politehnica-bucharest\/#primaryimage\"},\"thumbnailUrl\":\"https:\/\/inginerie.aero\/wp-content\/uploads\/2018\/10\/KlausIohannis_UPB-e1538916516442.jpg\",\"datePublished\":\"2018-10-07T14:11:43+00:00\",\"dateModified\":\"2018-10-13T07:00:54+00:00\",\"breadcrumb\":{\"@id\":\"https:\/\/inginerie.aero\/index.php\/en\/2018\/10\/07\/president-klaus-iohannis-university-politehnica-bucharest\/#breadcrumb\"},\"inLanguage\":\"ro-RO\",\"potentialAction\":[{\"@type\":\"ReadAction\",\"target\":[\"https:\/\/inginerie.aero\/index.php\/en\/2018\/10\/07\/president-klaus-iohannis-university-politehnica-bucharest\/\"]}]},{\"@type\":\"ImageObject\",\"inLanguage\":\"ro-RO\",\"@id\":\"https:\/\/inginerie.aero\/index.php\/en\/2018\/10\/07\/president-klaus-iohannis-university-politehnica-bucharest\/#primaryimage\",\"url\":\"https:\/\/inginerie.aero\/wp-content\/uploads\/2018\/10\/KlausIohannis_UPB-e1538916516442.jpg\",\"contentUrl\":\"https:\/\/inginerie.aero\/wp-content\/uploads\/2018\/10\/KlausIohannis_UPB-e1538916516442.jpg\",\"width\":1024,\"height\":450},{\"@type\":\"BreadcrumbList\",\"@id\":\"https:\/\/inginerie.aero\/index.php\/en\/2018\/10\/07\/president-klaus-iohannis-university-politehnica-bucharest\/#breadcrumb\",\"itemListElement\":[{\"@type\":\"ListItem\",\"position\":1,\"name\":\"Acas\u0103\",\"item\":\"https:\/\/inginerie.aero\/index.php\/ro\/acasa\/\"},{\"@type\":\"ListItem\",\"position\":2,\"name\":\"President Klaus Iohannis at the University Politehnica of Bucharest\"}]},{\"@type\":\"WebSite\",\"@id\":\"https:\/\/inginerie.aero\/#website\",\"url\":\"https:\/\/inginerie.aero\/\",\"name\":\"Facultatea de Inginerie Aerospatiala\",\"description\":\"Site-ul Asociatiei de Alumni ai Facultatii de Inginerie Aerospatiala din cadrul Universitatii POLITEHNICA Bucuresti\",\"publisher\":{\"@id\":\"https:\/\/inginerie.aero\/#organization\"},\"potentialAction\":[{\"@type\":\"SearchAction\",\"target\":{\"@type\":\"EntryPoint\",\"urlTemplate\":\"https:\/\/inginerie.aero\/?s={search_term_string}\"},\"query-input\":{\"@type\":\"PropertyValueSpecification\",\"valueRequired\":true,\"valueName\":\"search_term_string\"}}],\"inLanguage\":\"ro-RO\"},{\"@type\":\"Organization\",\"@id\":\"https:\/\/inginerie.aero\/#organization\",\"name\":\"University Politehnica of Bucharest Faculty of Aerospace Engineering\",\"url\":\"https:\/\/inginerie.aero\/\",\"logo\":{\"@type\":\"ImageObject\",\"inLanguage\":\"ro-RO\",\"@id\":\"https:\/\/inginerie.aero\/#\/schema\/logo\/image\/\",\"url\":\"https:\/\/inginerie.aero\/wp-content\/uploads\/2017\/03\/sigla1.png\",\"contentUrl\":\"https:\/\/inginerie.aero\/wp-content\/uploads\/2017\/03\/sigla1.png\",\"width\":734,\"height\":735,\"caption\":\"University Politehnica of Bucharest Faculty of Aerospace Engineering\"},\"image\":{\"@id\":\"https:\/\/inginerie.aero\/#\/schema\/logo\/image\/\"},\"sameAs\":[\"https:\/\/www.facebook.com\/groups\/InginerieAerospatiala\/\"]},{\"@type\":\"Person\",\"@id\":\"https:\/\/inginerie.aero\/#\/schema\/person\/b0d5910765f3ac927c3c0b221cf4c59a\",\"name\":\"Octavian Thor Pleter\",\"image\":{\"@type\":\"ImageObject\",\"inLanguage\":\"ro-RO\",\"@id\":\"https:\/\/inginerie.aero\/#\/schema\/person\/image\/\",\"url\":\"https:\/\/secure.gravatar.com\/avatar\/e731ef58e12546927afee2390f970c77?s=96&d=wavatar&r=g\",\"contentUrl\":\"https:\/\/secure.gravatar.com\/avatar\/e731ef58e12546927afee2390f970c77?s=96&d=wavatar&r=g\",\"caption\":\"Octavian Thor Pleter\"},\"url\":\"https:\/\/inginerie.aero\/index.php\/author\/octavian-pleter\/\"}]}<\/script>\n<!-- \/ Yoast SEO plugin. -->","yoast_head_json":{"title":"President Klaus Iohannis at the University Politehnica of Bucharest - Alumni Politehnica Aerospace Engineering","robots":{"index":"index","follow":"follow","max-snippet":"max-snippet:-1","max-image-preview":"max-image-preview:large","max-video-preview":"max-video-preview:-1"},"canonical":"https:\/\/inginerie.aero\/index.php\/en\/2018\/10\/07\/president-klaus-iohannis-university-politehnica-bucharest\/","og_locale":"ro_RO","og_type":"article","og_title":"President Klaus Iohannis at the University Politehnica of Bucharest - Alumni Politehnica Aerospace Engineering","og_description":"&nbsp; On 4 October 2018 in the New Aula of the University Politehnica of Bucharest, we celebrated 200 years since Gheorghe Lazar founded the first higher technical school in Wallachia, The Academic School for Philosophy and Mathematics Sciences at the Monastery St. Sava of Bucharest. The current University Politehnica of Bucharest evolved from this school, [&hellip;]","og_url":"https:\/\/inginerie.aero\/index.php\/en\/2018\/10\/07\/president-klaus-iohannis-university-politehnica-bucharest\/","og_site_name":"Alumni Politehnica Aerospace Engineering","article_publisher":"https:\/\/www.facebook.com\/groups\/InginerieAerospatiala\/","article_published_time":"2018-10-07T14:11:43+00:00","article_modified_time":"2018-10-13T07:00:54+00:00","og_image":[{"width":1024,"height":450,"url":"https:\/\/inginerie.aero\/wp-content\/uploads\/2018\/10\/KlausIohannis_UPB-e1538916516442.jpg","type":"image\/jpeg"}],"author":"Octavian Thor Pleter","twitter_card":"summary_large_image","twitter_misc":{"Scris de":"Octavian Thor Pleter","Timp estimat pentru citire":"3 minute"},"schema":{"@context":"https:\/\/schema.org","@graph":[{"@type":"Article","@id":"https:\/\/inginerie.aero\/index.php\/en\/2018\/10\/07\/president-klaus-iohannis-university-politehnica-bucharest\/#article","isPartOf":{"@id":"https:\/\/inginerie.aero\/index.php\/en\/2018\/10\/07\/president-klaus-iohannis-university-politehnica-bucharest\/"},"author":{"name":"Octavian Thor Pleter","@id":"https:\/\/inginerie.aero\/#\/schema\/person\/b0d5910765f3ac927c3c0b221cf4c59a"},"headline":"President Klaus Iohannis at the University Politehnica of Bucharest","datePublished":"2018-10-07T14:11:43+00:00","dateModified":"2018-10-13T07:00:54+00:00","mainEntityOfPage":{"@id":"https:\/\/inginerie.aero\/index.php\/en\/2018\/10\/07\/president-klaus-iohannis-university-politehnica-bucharest\/"},"wordCount":555,"commentCount":0,"publisher":{"@id":"https:\/\/inginerie.aero\/#organization"},"image":{"@id":"https:\/\/inginerie.aero\/index.php\/en\/2018\/10\/07\/president-klaus-iohannis-university-politehnica-bucharest\/#primaryimage"},"thumbnailUrl":"https:\/\/inginerie.aero\/wp-content\/uploads\/2018\/10\/KlausIohannis_UPB-e1538916516442.jpg","articleSection":["Aviation and Astronautics","Events","News"],"inLanguage":"ro-RO","potentialAction":[{"@type":"CommentAction","name":"Comment","target":["https:\/\/inginerie.aero\/index.php\/en\/2018\/10\/07\/president-klaus-iohannis-university-politehnica-bucharest\/#respond"]}]},{"@type":"WebPage","@id":"https:\/\/inginerie.aero\/index.php\/en\/2018\/10\/07\/president-klaus-iohannis-university-politehnica-bucharest\/","url":"https:\/\/inginerie.aero\/index.php\/en\/2018\/10\/07\/president-klaus-iohannis-university-politehnica-bucharest\/","name":"President Klaus Iohannis at the University Politehnica of Bucharest - Alumni Politehnica Aerospace Engineering","isPartOf":{"@id":"https:\/\/inginerie.aero\/#website"},"primaryImageOfPage":{"@id":"https:\/\/inginerie.aero\/index.php\/en\/2018\/10\/07\/president-klaus-iohannis-university-politehnica-bucharest\/#primaryimage"},"image":{"@id":"https:\/\/inginerie.aero\/index.php\/en\/2018\/10\/07\/president-klaus-iohannis-university-politehnica-bucharest\/#primaryimage"},"thumbnailUrl":"https:\/\/inginerie.aero\/wp-content\/uploads\/2018\/10\/KlausIohannis_UPB-e1538916516442.jpg","datePublished":"2018-10-07T14:11:43+00:00","dateModified":"2018-10-13T07:00:54+00:00","breadcrumb":{"@id":"https:\/\/inginerie.aero\/index.php\/en\/2018\/10\/07\/president-klaus-iohannis-university-politehnica-bucharest\/#breadcrumb"},"inLanguage":"ro-RO","potentialAction":[{"@type":"ReadAction","target":["https:\/\/inginerie.aero\/index.php\/en\/2018\/10\/07\/president-klaus-iohannis-university-politehnica-bucharest\/"]}]},{"@type":"ImageObject","inLanguage":"ro-RO","@id":"https:\/\/inginerie.aero\/index.php\/en\/2018\/10\/07\/president-klaus-iohannis-university-politehnica-bucharest\/#primaryimage","url":"https:\/\/inginerie.aero\/wp-content\/uploads\/2018\/10\/KlausIohannis_UPB-e1538916516442.jpg","contentUrl":"https:\/\/inginerie.aero\/wp-content\/uploads\/2018\/10\/KlausIohannis_UPB-e1538916516442.jpg","width":1024,"height":450},{"@type":"BreadcrumbList","@id":"https:\/\/inginerie.aero\/index.php\/en\/2018\/10\/07\/president-klaus-iohannis-university-politehnica-bucharest\/#breadcrumb","itemListElement":[{"@type":"ListItem","position":1,"name":"Acas\u0103","item":"https:\/\/inginerie.aero\/index.php\/ro\/acasa\/"},{"@type":"ListItem","position":2,"name":"President Klaus Iohannis at the University Politehnica of Bucharest"}]},{"@type":"WebSite","@id":"https:\/\/inginerie.aero\/#website","url":"https:\/\/inginerie.aero\/","name":"Facultatea de Inginerie Aerospatiala","description":"Site-ul Asociatiei de Alumni ai Facultatii de Inginerie Aerospatiala din cadrul Universitatii POLITEHNICA Bucuresti","publisher":{"@id":"https:\/\/inginerie.aero\/#organization"},"potentialAction":[{"@type":"SearchAction","target":{"@type":"EntryPoint","urlTemplate":"https:\/\/inginerie.aero\/?s={search_term_string}"},"query-input":{"@type":"PropertyValueSpecification","valueRequired":true,"valueName":"search_term_string"}}],"inLanguage":"ro-RO"},{"@type":"Organization","@id":"https:\/\/inginerie.aero\/#organization","name":"University Politehnica of Bucharest Faculty of Aerospace Engineering","url":"https:\/\/inginerie.aero\/","logo":{"@type":"ImageObject","inLanguage":"ro-RO","@id":"https:\/\/inginerie.aero\/#\/schema\/logo\/image\/","url":"https:\/\/inginerie.aero\/wp-content\/uploads\/2017\/03\/sigla1.png","contentUrl":"https:\/\/inginerie.aero\/wp-content\/uploads\/2017\/03\/sigla1.png","width":734,"height":735,"caption":"University Politehnica of Bucharest Faculty of Aerospace Engineering"},"image":{"@id":"https:\/\/inginerie.aero\/#\/schema\/logo\/image\/"},"sameAs":["https:\/\/www.facebook.com\/groups\/InginerieAerospatiala\/"]},{"@type":"Person","@id":"https:\/\/inginerie.aero\/#\/schema\/person\/b0d5910765f3ac927c3c0b221cf4c59a","name":"Octavian Thor Pleter","image":{"@type":"ImageObject","inLanguage":"ro-RO","@id":"https:\/\/inginerie.aero\/#\/schema\/person\/image\/","url":"https:\/\/secure.gravatar.com\/avatar\/e731ef58e12546927afee2390f970c77?s=96&d=wavatar&r=g","contentUrl":"https:\/\/secure.gravatar.com\/avatar\/e731ef58e12546927afee2390f970c77?s=96&d=wavatar&r=g","caption":"Octavian Thor Pleter"},"url":"https:\/\/inginerie.aero\/index.php\/author\/octavian-pleter\/"}]}},"jetpack_featured_media_url":"https:\/\/inginerie.aero\/wp-content\/uploads\/2018\/10\/KlausIohannis_UPB-e1538916516442.jpg","jetpack_sharing_enabled":true,"jetpack_shortlink":"https:\/\/wp.me\/pbbi8l-3Ak","_links":{"self":[{"href":"https:\/\/inginerie.aero\/index.php\/wp-json\/wp\/v2\/posts\/13784","targetHints":{"allow":["GET"]}}],"collection":[{"href":"https:\/\/inginerie.aero\/index.php\/wp-json\/wp\/v2\/posts"}],"about":[{"href":"https:\/\/inginerie.aero\/index.php\/wp-json\/wp\/v2\/types\/post"}],"author":[{"embeddable":true,"href":"https:\/\/inginerie.aero\/index.php\/wp-json\/wp\/v2\/users\/5"}],"replies":[{"embeddable":true,"href":"https:\/\/inginerie.aero\/index.php\/wp-json\/wp\/v2\/comments?post=13784"}],"version-history":[{"count":2,"href":"https:\/\/inginerie.aero\/index.php\/wp-json\/wp\/v2\/posts\/13784\/revisions"}],"predecessor-version":[{"id":13786,"href":"https:\/\/inginerie.aero\/index.php\/wp-json\/wp\/v2\/posts\/13784\/revisions\/13786"}],"wp:featuredmedia":[{"embeddable":true,"href":"https:\/\/inginerie.aero\/index.php\/wp-json\/wp\/v2\/media\/13779"}],"wp:attachment":[{"href":"https:\/\/inginerie.aero\/index.php\/wp-json\/wp\/v2\/media?parent=13784"}],"wp:term":[{"taxonomy":"category","embeddable":true,"href":"https:\/\/inginerie.aero\/index.php\/wp-json\/wp\/v2\/categories?post=13784"},{"taxonomy":"post_tag","embeddable":true,"href":"https:\/\/inginerie.aero\/index.php\/wp-json\/wp\/v2\/tags?post=13784"}],"curies":[{"name":"wp","href":"https:\/\/api.w.org\/{rel}","templated":true}]}}