{"id":37766,"date":"2023-06-14T11:25:31","date_gmt":"2023-06-14T08:25:31","guid":{"rendered":"https:\/\/inginerie.aero\/?p=37766"},"modified":"2023-06-14T11:25:31","modified_gmt":"2023-06-14T08:25:31","slug":"uav-international-contest","status":"publish","type":"post","link":"https:\/\/inginerie.aero\/index.php\/en\/2023\/06\/14\/uav-international-contest\/","title":{"rendered":"UAV International Contest"},"content":{"rendered":"<p>[et_pb_section bb_built=&#8221;1&#8243; fullwidth=&#8221;off&#8221; specialty=&#8221;on&#8221;][et_pb_column type=&#8221;3_4&#8243; specialty_columns=&#8221;3&#8243;][et_pb_row_inner admin_label=&#8221;Row&#8221;][et_pb_column_inner type=&#8221;4_4&#8243; saved_specialty_column_type=&#8221;3_4&#8243;][et_pb_text background_layout=&#8221;light&#8221; text_orientation=&#8221;justified&#8221; use_border_color=&#8221;off&#8221; _builder_version=&#8221;3.0.92&#8243;]<\/p>\n<p>A first major UAV competition will be hosted by the University Politehnica of Bucharest this year. Student teams from any university in the EELISA alliance may participate. The contest calendar and other information may be found at\u00a0<a href=\"https:\/\/community.eelisa.eu\/activities\/2023-student-unmanned-systems-eelisa-competition\/\" target=\"_blank\" rel=\"noopener\">&lt;EELISA UAV Contest 2023&gt;<\/a><\/p>\n<p>We recommend to the Romanian students to take advantage of this opportunity, because in other competitions, the accommodation and transport expenses to another country for a team of students represented a barrier.<\/p>\n<p>&nbsp;<\/p>\n<p>[\/et_pb_text][et_pb_divider color=&#8221;rgba(147,175,193,0.39)&#8221; show_divider=&#8221;on&#8221; divider_style=&#8221;solid&#8221; divider_position=&#8221;top&#8221; hide_on_mobile=&#8221;on&#8221; \/][et_pb_comments show_avatar=&#8221;on&#8221; show_reply=&#8221;on&#8221; show_count=&#8221;off&#8221; background_layout=&#8221;light&#8221; use_border_color=&#8221;off&#8221; border_color=&#8221;#ffffff&#8221; border_style=&#8221;solid&#8221; custom_button=&#8221;off&#8221; button_letter_spacing=&#8221;0&#8243; button_use_icon=&#8221;default&#8221; button_icon_placement=&#8221;right&#8221; button_on_hover=&#8221;on&#8221; button_letter_spacing_hover=&#8221;0&#8243; \/][\/et_pb_column_inner][\/et_pb_row_inner][\/et_pb_column][et_pb_column type=&#8221;1_4&#8243;][et_pb_blog fullwidth=&#8221;off&#8221; include_categories=&#8221;11&#8243; show_thumbnail=&#8221;off&#8221; show_content=&#8221;off&#8221; show_more=&#8221;off&#8221; show_author=&#8221;on&#8221; show_date=&#8221;on&#8221; show_categories=&#8221;off&#8221; show_comments=&#8221;off&#8221; show_pagination=&#8221;on&#8221; offset_number=&#8221;0&#8243; use_overlay=&#8221;off&#8221; background_layout=&#8221;light&#8221; use_dropshadow=&#8221;on&#8221; use_border_color=&#8221;on&#8221; border_color=&#8221;#e5e5e5&#8243; border_style=&#8221;solid&#8221; \/][\/et_pb_column][\/et_pb_section]<\/p>\n","protected":false},"excerpt":{"rendered":"<p>A first major UAV competition will be hosted by the University Politehnica of Bucharest this year. Student teams from any university in the EELISA alliance may participate. The contest calendar and other information may be found at\u00a0&lt;EELISA UAV Contest 2023&gt; We recommend to the Romanian students to take advantage of this opportunity, because in other [&hellip;]<\/p>\n","protected":false},"author":5,"featured_media":37764,"comment_status":"open","ping_status":"open","sticky":false,"template":"","format":"standard","meta":{"_et_pb_use_builder":"on","_et_pb_old_content":"<p>[et_pb_section bb_built=\"1\" fullwidth=\"off\" specialty=\"on\"][et_pb_column type=\"3_4\" specialty_columns=\"3\"][et_pb_row_inner admin_label=\"Row\"][et_pb_column_inner type=\"4_4\" saved_specialty_column_type=\"3_4\"][et_pb_text background_layout=\"light\" text_orientation=\"justified\" use_border_color=\"off\" border_color=\"#ffffff\" border_style=\"solid\" _builder_version=\"3.0.92\"]<\/p><p>Un prim concurs interna\u021bional major de UAV-uri se va desf\u0103\u0219ura la Universitatea Politehnica din Bucure\u0219ti \u00een acest an. Se pot \u00eenscrie echipe de studen\u021bi din toate universit\u0103\u021bile care compun alian\u021ba EELISA. Calendarul concursului \u0219i alte informa\u021bii se pot ob\u021bine de la <a href=\"https:\/\/community.eelisa.eu\/activities\/2023-student-unmanned-systems-eelisa-competition\/\" target=\"_blank\" rel=\"noopener\">&lt;EELISA UAV Contest 2023&gt;<\/a><\/p><p>Recomand\u0103m studen\u021bilor din Rom\u00e2nia s\u0103 profite de aceast\u0103 oportunitate, deoarece la celelalte competi\u021bii cheltuielile de deplasare \u0219i cazare a unei echipe de studen\u021bi \u00een alt\u0103 \u021bar\u0103 au reprezentat o barier\u0103.<\/p><p>[\/et_pb_text][et_pb_divider color=\"rgba(147,175,193,0.39)\" show_divider=\"on\" divider_style=\"solid\" divider_position=\"top\" hide_on_mobile=\"on\" \/][et_pb_comments show_avatar=\"on\" show_reply=\"on\" show_count=\"off\" background_layout=\"light\" use_border_color=\"off\" border_color=\"#ffffff\" border_style=\"solid\" custom_button=\"off\" button_letter_spacing=\"0\" button_use_icon=\"default\" button_icon_placement=\"right\" button_on_hover=\"on\" button_letter_spacing_hover=\"0\" \/][\/et_pb_column_inner][\/et_pb_row_inner][\/et_pb_column][et_pb_column type=\"1_4\"][et_pb_blog fullwidth=\"off\" include_categories=\"11\" show_thumbnail=\"off\" show_content=\"off\" show_more=\"off\" show_author=\"on\" show_date=\"on\" show_categories=\"off\" show_comments=\"off\" show_pagination=\"on\" offset_number=\"0\" use_overlay=\"off\" background_layout=\"light\" use_dropshadow=\"on\" use_border_color=\"on\" border_color=\"#e5e5e5\" border_style=\"solid\" \/][\/et_pb_column][\/et_pb_section]<\/p>","_et_gb_content_width":"","jetpack_post_was_ever_published":false,"_jetpack_newsletter_access":"","_jetpack_dont_email_post_to_subs":false,"_jetpack_newsletter_tier_id":0,"_jetpack_memberships_contains_paywalled_content":false,"_jetpack_memberships_contains_paid_content":false,"footnotes":"","jetpack_publicize_message":"","jetpack_publicize_feature_enabled":true,"jetpack_social_post_already_shared":true,"jetpack_social_options":{"image_generator_settings":{"template":"highway","enabled":false},"version":2},"_links_to":"","_links_to_target":""},"categories":[127,55,129,51],"tags":[],"class_list":["post-37766","post","type-post","status-publish","format-standard","has-post-thumbnail","hentry","category-aviation-and-astronautics","category-events","category-extracurricular","category-news"],"jetpack_publicize_connections":[],"yoast_head":"<!-- This site is optimized with the Yoast SEO plugin v24.3 - https:\/\/yoast.com\/wordpress\/plugins\/seo\/ -->\n<title>UAV International Contest - Alumni Politehnica Aerospace Engineering<\/title>\n<meta name=\"robots\" content=\"index, follow, max-snippet:-1, max-image-preview:large, max-video-preview:-1\" \/>\n<link rel=\"canonical\" href=\"https:\/\/inginerie.aero\/index.php\/en\/2023\/06\/14\/uav-international-contest\/\" \/>\n<meta property=\"og:locale\" content=\"ro_RO\" \/>\n<meta property=\"og:type\" content=\"article\" \/>\n<meta property=\"og:title\" content=\"UAV International Contest - Alumni Politehnica Aerospace Engineering\" \/>\n<meta property=\"og:description\" content=\"A first major UAV competition will be hosted by the University Politehnica of Bucharest this year. Student teams from any university in the EELISA alliance may participate. The contest calendar and other information may be found at\u00a0&lt;EELISA UAV Contest 2023&gt; We recommend to the Romanian students to take advantage of this opportunity, because in other [&hellip;]\" \/>\n<meta property=\"og:url\" content=\"https:\/\/inginerie.aero\/index.php\/en\/2023\/06\/14\/uav-international-contest\/\" \/>\n<meta property=\"og:site_name\" content=\"Alumni Politehnica Aerospace Engineering\" \/>\n<meta property=\"article:publisher\" content=\"https:\/\/www.facebook.com\/groups\/InginerieAerospatiala\/\" \/>\n<meta property=\"article:published_time\" content=\"2023-06-14T08:25:31+00:00\" \/>\n<meta property=\"og:image\" content=\"https:\/\/inginerie.aero\/wp-content\/uploads\/2023\/06\/EELISA.jpg\" \/>\n\t<meta property=\"og:image:width\" content=\"1874\" \/>\n\t<meta property=\"og:image:height\" content=\"930\" \/>\n\t<meta property=\"og:image:type\" content=\"image\/jpeg\" \/>\n<meta name=\"author\" content=\"Octavian Thor Pleter\" \/>\n<meta name=\"twitter:card\" content=\"summary_large_image\" \/>\n<meta name=\"twitter:label1\" content=\"Scris de\" \/>\n\t<meta name=\"twitter:data1\" content=\"Octavian Thor Pleter\" \/>\n\t<meta name=\"twitter:label2\" content=\"Timp estimat pentru citire\" \/>\n\t<meta name=\"twitter:data2\" content=\"1 minut\" \/>\n<script type=\"application\/ld+json\" class=\"yoast-schema-graph\">{\"@context\":\"https:\/\/schema.org\",\"@graph\":[{\"@type\":\"Article\",\"@id\":\"https:\/\/inginerie.aero\/index.php\/en\/2023\/06\/14\/uav-international-contest\/#article\",\"isPartOf\":{\"@id\":\"https:\/\/inginerie.aero\/index.php\/en\/2023\/06\/14\/uav-international-contest\/\"},\"author\":{\"name\":\"Octavian Thor Pleter\",\"@id\":\"https:\/\/inginerie.aero\/#\/schema\/person\/b0d5910765f3ac927c3c0b221cf4c59a\"},\"headline\":\"UAV International Contest\",\"datePublished\":\"2023-06-14T08:25:31+00:00\",\"dateModified\":\"2023-06-14T08:25:31+00:00\",\"mainEntityOfPage\":{\"@id\":\"https:\/\/inginerie.aero\/index.php\/en\/2023\/06\/14\/uav-international-contest\/\"},\"wordCount\":267,\"commentCount\":0,\"publisher\":{\"@id\":\"https:\/\/inginerie.aero\/#organization\"},\"image\":{\"@id\":\"https:\/\/inginerie.aero\/index.php\/en\/2023\/06\/14\/uav-international-contest\/#primaryimage\"},\"thumbnailUrl\":\"https:\/\/inginerie.aero\/wp-content\/uploads\/2023\/06\/EELISA.jpg\",\"articleSection\":[\"Aviation and Astronautics\",\"Events\",\"Extracurricular\",\"News\"],\"inLanguage\":\"ro-RO\",\"potentialAction\":[{\"@type\":\"CommentAction\",\"name\":\"Comment\",\"target\":[\"https:\/\/inginerie.aero\/index.php\/en\/2023\/06\/14\/uav-international-contest\/#respond\"]}]},{\"@type\":\"WebPage\",\"@id\":\"https:\/\/inginerie.aero\/index.php\/en\/2023\/06\/14\/uav-international-contest\/\",\"url\":\"https:\/\/inginerie.aero\/index.php\/en\/2023\/06\/14\/uav-international-contest\/\",\"name\":\"UAV International Contest - Alumni Politehnica Aerospace Engineering\",\"isPartOf\":{\"@id\":\"https:\/\/inginerie.aero\/#website\"},\"primaryImageOfPage\":{\"@id\":\"https:\/\/inginerie.aero\/index.php\/en\/2023\/06\/14\/uav-international-contest\/#primaryimage\"},\"image\":{\"@id\":\"https:\/\/inginerie.aero\/index.php\/en\/2023\/06\/14\/uav-international-contest\/#primaryimage\"},\"thumbnailUrl\":\"https:\/\/inginerie.aero\/wp-content\/uploads\/2023\/06\/EELISA.jpg\",\"datePublished\":\"2023-06-14T08:25:31+00:00\",\"dateModified\":\"2023-06-14T08:25:31+00:00\",\"breadcrumb\":{\"@id\":\"https:\/\/inginerie.aero\/index.php\/en\/2023\/06\/14\/uav-international-contest\/#breadcrumb\"},\"inLanguage\":\"ro-RO\",\"potentialAction\":[{\"@type\":\"ReadAction\",\"target\":[\"https:\/\/inginerie.aero\/index.php\/en\/2023\/06\/14\/uav-international-contest\/\"]}]},{\"@type\":\"ImageObject\",\"inLanguage\":\"ro-RO\",\"@id\":\"https:\/\/inginerie.aero\/index.php\/en\/2023\/06\/14\/uav-international-contest\/#primaryimage\",\"url\":\"https:\/\/inginerie.aero\/wp-content\/uploads\/2023\/06\/EELISA.jpg\",\"contentUrl\":\"https:\/\/inginerie.aero\/wp-content\/uploads\/2023\/06\/EELISA.jpg\",\"width\":1874,\"height\":930},{\"@type\":\"BreadcrumbList\",\"@id\":\"https:\/\/inginerie.aero\/index.php\/en\/2023\/06\/14\/uav-international-contest\/#breadcrumb\",\"itemListElement\":[{\"@type\":\"ListItem\",\"position\":1,\"name\":\"Acas\u0103\",\"item\":\"https:\/\/inginerie.aero\/index.php\/ro\/acasa\/\"},{\"@type\":\"ListItem\",\"position\":2,\"name\":\"UAV International Contest\"}]},{\"@type\":\"WebSite\",\"@id\":\"https:\/\/inginerie.aero\/#website\",\"url\":\"https:\/\/inginerie.aero\/\",\"name\":\"Facultatea de Inginerie Aerospatiala\",\"description\":\"Site-ul Asociatiei de Alumni ai Facultatii de Inginerie Aerospatiala din cadrul Universitatii POLITEHNICA Bucuresti\",\"publisher\":{\"@id\":\"https:\/\/inginerie.aero\/#organization\"},\"potentialAction\":[{\"@type\":\"SearchAction\",\"target\":{\"@type\":\"EntryPoint\",\"urlTemplate\":\"https:\/\/inginerie.aero\/?s={search_term_string}\"},\"query-input\":{\"@type\":\"PropertyValueSpecification\",\"valueRequired\":true,\"valueName\":\"search_term_string\"}}],\"inLanguage\":\"ro-RO\"},{\"@type\":\"Organization\",\"@id\":\"https:\/\/inginerie.aero\/#organization\",\"name\":\"University Politehnica of Bucharest Faculty of Aerospace Engineering\",\"url\":\"https:\/\/inginerie.aero\/\",\"logo\":{\"@type\":\"ImageObject\",\"inLanguage\":\"ro-RO\",\"@id\":\"https:\/\/inginerie.aero\/#\/schema\/logo\/image\/\",\"url\":\"https:\/\/inginerie.aero\/wp-content\/uploads\/2017\/03\/sigla1.png\",\"contentUrl\":\"https:\/\/inginerie.aero\/wp-content\/uploads\/2017\/03\/sigla1.png\",\"width\":734,\"height\":735,\"caption\":\"University Politehnica of Bucharest Faculty of Aerospace Engineering\"},\"image\":{\"@id\":\"https:\/\/inginerie.aero\/#\/schema\/logo\/image\/\"},\"sameAs\":[\"https:\/\/www.facebook.com\/groups\/InginerieAerospatiala\/\"]},{\"@type\":\"Person\",\"@id\":\"https:\/\/inginerie.aero\/#\/schema\/person\/b0d5910765f3ac927c3c0b221cf4c59a\",\"name\":\"Octavian Thor Pleter\",\"image\":{\"@type\":\"ImageObject\",\"inLanguage\":\"ro-RO\",\"@id\":\"https:\/\/inginerie.aero\/#\/schema\/person\/image\/\",\"url\":\"https:\/\/secure.gravatar.com\/avatar\/e731ef58e12546927afee2390f970c77?s=96&d=wavatar&r=g\",\"contentUrl\":\"https:\/\/secure.gravatar.com\/avatar\/e731ef58e12546927afee2390f970c77?s=96&d=wavatar&r=g\",\"caption\":\"Octavian Thor Pleter\"},\"url\":\"https:\/\/inginerie.aero\/index.php\/author\/octavian-pleter\/\"}]}<\/script>\n<!-- \/ Yoast SEO plugin. -->","yoast_head_json":{"title":"UAV International Contest - Alumni Politehnica Aerospace Engineering","robots":{"index":"index","follow":"follow","max-snippet":"max-snippet:-1","max-image-preview":"max-image-preview:large","max-video-preview":"max-video-preview:-1"},"canonical":"https:\/\/inginerie.aero\/index.php\/en\/2023\/06\/14\/uav-international-contest\/","og_locale":"ro_RO","og_type":"article","og_title":"UAV International Contest - Alumni Politehnica Aerospace Engineering","og_description":"A first major UAV competition will be hosted by the University Politehnica of Bucharest this year. Student teams from any university in the EELISA alliance may participate. The contest calendar and other information may be found at\u00a0&lt;EELISA UAV Contest 2023&gt; We recommend to the Romanian students to take advantage of this opportunity, because in other [&hellip;]","og_url":"https:\/\/inginerie.aero\/index.php\/en\/2023\/06\/14\/uav-international-contest\/","og_site_name":"Alumni Politehnica Aerospace Engineering","article_publisher":"https:\/\/www.facebook.com\/groups\/InginerieAerospatiala\/","article_published_time":"2023-06-14T08:25:31+00:00","og_image":[{"width":1874,"height":930,"url":"https:\/\/inginerie.aero\/wp-content\/uploads\/2023\/06\/EELISA.jpg","type":"image\/jpeg"}],"author":"Octavian Thor Pleter","twitter_card":"summary_large_image","twitter_misc":{"Scris de":"Octavian Thor Pleter","Timp estimat pentru citire":"1 minut"},"schema":{"@context":"https:\/\/schema.org","@graph":[{"@type":"Article","@id":"https:\/\/inginerie.aero\/index.php\/en\/2023\/06\/14\/uav-international-contest\/#article","isPartOf":{"@id":"https:\/\/inginerie.aero\/index.php\/en\/2023\/06\/14\/uav-international-contest\/"},"author":{"name":"Octavian Thor Pleter","@id":"https:\/\/inginerie.aero\/#\/schema\/person\/b0d5910765f3ac927c3c0b221cf4c59a"},"headline":"UAV International Contest","datePublished":"2023-06-14T08:25:31+00:00","dateModified":"2023-06-14T08:25:31+00:00","mainEntityOfPage":{"@id":"https:\/\/inginerie.aero\/index.php\/en\/2023\/06\/14\/uav-international-contest\/"},"wordCount":267,"commentCount":0,"publisher":{"@id":"https:\/\/inginerie.aero\/#organization"},"image":{"@id":"https:\/\/inginerie.aero\/index.php\/en\/2023\/06\/14\/uav-international-contest\/#primaryimage"},"thumbnailUrl":"https:\/\/inginerie.aero\/wp-content\/uploads\/2023\/06\/EELISA.jpg","articleSection":["Aviation and Astronautics","Events","Extracurricular","News"],"inLanguage":"ro-RO","potentialAction":[{"@type":"CommentAction","name":"Comment","target":["https:\/\/inginerie.aero\/index.php\/en\/2023\/06\/14\/uav-international-contest\/#respond"]}]},{"@type":"WebPage","@id":"https:\/\/inginerie.aero\/index.php\/en\/2023\/06\/14\/uav-international-contest\/","url":"https:\/\/inginerie.aero\/index.php\/en\/2023\/06\/14\/uav-international-contest\/","name":"UAV International Contest - Alumni Politehnica Aerospace Engineering","isPartOf":{"@id":"https:\/\/inginerie.aero\/#website"},"primaryImageOfPage":{"@id":"https:\/\/inginerie.aero\/index.php\/en\/2023\/06\/14\/uav-international-contest\/#primaryimage"},"image":{"@id":"https:\/\/inginerie.aero\/index.php\/en\/2023\/06\/14\/uav-international-contest\/#primaryimage"},"thumbnailUrl":"https:\/\/inginerie.aero\/wp-content\/uploads\/2023\/06\/EELISA.jpg","datePublished":"2023-06-14T08:25:31+00:00","dateModified":"2023-06-14T08:25:31+00:00","breadcrumb":{"@id":"https:\/\/inginerie.aero\/index.php\/en\/2023\/06\/14\/uav-international-contest\/#breadcrumb"},"inLanguage":"ro-RO","potentialAction":[{"@type":"ReadAction","target":["https:\/\/inginerie.aero\/index.php\/en\/2023\/06\/14\/uav-international-contest\/"]}]},{"@type":"ImageObject","inLanguage":"ro-RO","@id":"https:\/\/inginerie.aero\/index.php\/en\/2023\/06\/14\/uav-international-contest\/#primaryimage","url":"https:\/\/inginerie.aero\/wp-content\/uploads\/2023\/06\/EELISA.jpg","contentUrl":"https:\/\/inginerie.aero\/wp-content\/uploads\/2023\/06\/EELISA.jpg","width":1874,"height":930},{"@type":"BreadcrumbList","@id":"https:\/\/inginerie.aero\/index.php\/en\/2023\/06\/14\/uav-international-contest\/#breadcrumb","itemListElement":[{"@type":"ListItem","position":1,"name":"Acas\u0103","item":"https:\/\/inginerie.aero\/index.php\/ro\/acasa\/"},{"@type":"ListItem","position":2,"name":"UAV International Contest"}]},{"@type":"WebSite","@id":"https:\/\/inginerie.aero\/#website","url":"https:\/\/inginerie.aero\/","name":"Facultatea de Inginerie Aerospatiala","description":"Site-ul Asociatiei de Alumni ai Facultatii de Inginerie Aerospatiala din cadrul Universitatii POLITEHNICA Bucuresti","publisher":{"@id":"https:\/\/inginerie.aero\/#organization"},"potentialAction":[{"@type":"SearchAction","target":{"@type":"EntryPoint","urlTemplate":"https:\/\/inginerie.aero\/?s={search_term_string}"},"query-input":{"@type":"PropertyValueSpecification","valueRequired":true,"valueName":"search_term_string"}}],"inLanguage":"ro-RO"},{"@type":"Organization","@id":"https:\/\/inginerie.aero\/#organization","name":"University Politehnica of Bucharest Faculty of Aerospace Engineering","url":"https:\/\/inginerie.aero\/","logo":{"@type":"ImageObject","inLanguage":"ro-RO","@id":"https:\/\/inginerie.aero\/#\/schema\/logo\/image\/","url":"https:\/\/inginerie.aero\/wp-content\/uploads\/2017\/03\/sigla1.png","contentUrl":"https:\/\/inginerie.aero\/wp-content\/uploads\/2017\/03\/sigla1.png","width":734,"height":735,"caption":"University Politehnica of Bucharest Faculty of Aerospace Engineering"},"image":{"@id":"https:\/\/inginerie.aero\/#\/schema\/logo\/image\/"},"sameAs":["https:\/\/www.facebook.com\/groups\/InginerieAerospatiala\/"]},{"@type":"Person","@id":"https:\/\/inginerie.aero\/#\/schema\/person\/b0d5910765f3ac927c3c0b221cf4c59a","name":"Octavian Thor Pleter","image":{"@type":"ImageObject","inLanguage":"ro-RO","@id":"https:\/\/inginerie.aero\/#\/schema\/person\/image\/","url":"https:\/\/secure.gravatar.com\/avatar\/e731ef58e12546927afee2390f970c77?s=96&d=wavatar&r=g","contentUrl":"https:\/\/secure.gravatar.com\/avatar\/e731ef58e12546927afee2390f970c77?s=96&d=wavatar&r=g","caption":"Octavian Thor Pleter"},"url":"https:\/\/inginerie.aero\/index.php\/author\/octavian-pleter\/"}]}},"jetpack_featured_media_url":"https:\/\/inginerie.aero\/wp-content\/uploads\/2023\/06\/EELISA.jpg","jetpack_sharing_enabled":true,"jetpack_shortlink":"https:\/\/wp.me\/pbbi8l-9P8","_links":{"self":[{"href":"https:\/\/inginerie.aero\/index.php\/wp-json\/wp\/v2\/posts\/37766","targetHints":{"allow":["GET"]}}],"collection":[{"href":"https:\/\/inginerie.aero\/index.php\/wp-json\/wp\/v2\/posts"}],"about":[{"href":"https:\/\/inginerie.aero\/index.php\/wp-json\/wp\/v2\/types\/post"}],"author":[{"embeddable":true,"href":"https:\/\/inginerie.aero\/index.php\/wp-json\/wp\/v2\/users\/5"}],"replies":[{"embeddable":true,"href":"https:\/\/inginerie.aero\/index.php\/wp-json\/wp\/v2\/comments?post=37766"}],"version-history":[{"count":1,"href":"https:\/\/inginerie.aero\/index.php\/wp-json\/wp\/v2\/posts\/37766\/revisions"}],"predecessor-version":[{"id":37767,"href":"https:\/\/inginerie.aero\/index.php\/wp-json\/wp\/v2\/posts\/37766\/revisions\/37767"}],"wp:featuredmedia":[{"embeddable":true,"href":"https:\/\/inginerie.aero\/index.php\/wp-json\/wp\/v2\/media\/37764"}],"wp:attachment":[{"href":"https:\/\/inginerie.aero\/index.php\/wp-json\/wp\/v2\/media?parent=37766"}],"wp:term":[{"taxonomy":"category","embeddable":true,"href":"https:\/\/inginerie.aero\/index.php\/wp-json\/wp\/v2\/categories?post=37766"},{"taxonomy":"post_tag","embeddable":true,"href":"https:\/\/inginerie.aero\/index.php\/wp-json\/wp\/v2\/tags?post=37766"}],"curies":[{"name":"wp","href":"https:\/\/api.w.org\/{rel}","templated":true}]}}