{"id":49265,"date":"2026-09-04T11:40:07","date_gmt":"2026-09-04T08:40:07","guid":{"rendered":"https:\/\/inginerie.aero\/?p=49265"},"modified":"2026-09-04T11:40:15","modified_gmt":"2026-09-04T08:40:15","slug":"elie-carafoli-omagiat-la-academia-romana","status":"publish","type":"post","link":"https:\/\/inginerie.aero\/index.php\/ro\/2026\/09\/04\/elie-carafoli-omagiat-la-academia-romana\/","title":{"rendered":"Elie Carafoli omagiat la Academia Rom\u00e2n\u0103"},"content":{"rendered":"<p>[et_pb_section fb_built=&#8221;1&#8243; specialty=&#8221;on&#8221; admin_label=&#8221;Section&#8221; _builder_version=&#8221;4.16&#8243; global_colors_info=&#8221;{}&#8221; theme_builder_area=&#8221;post_content&#8221;][et_pb_column type=&#8221;3_4&#8243; specialty_columns=&#8221;3&#8243; _builder_version=&#8221;4.16&#8243; custom_padding=&#8221;|||&#8221; global_colors_info=&#8221;{}&#8221; custom_padding__hover=&#8221;|||&#8221; theme_builder_area=&#8221;post_content&#8221;][et_pb_row_inner admin_label=&#8221;Row&#8221; _builder_version=&#8221;4.16&#8243; global_colors_info=&#8221;{}&#8221; theme_builder_area=&#8221;post_content&#8221;][et_pb_column_inner saved_specialty_column_type=&#8221;3_4&#8243; _builder_version=&#8221;4.16&#8243; custom_padding=&#8221;|||&#8221; global_colors_info=&#8221;{}&#8221; custom_padding__hover=&#8221;|||&#8221; theme_builder_area=&#8221;post_content&#8221;][et_pb_text admin_label=&#8221;Text&#8221; _builder_version=&#8221;4.27.4&#8243; background_size=&#8221;initial&#8221; background_position=&#8221;top_left&#8221; background_repeat=&#8221;repeat&#8221; text_orientation=&#8221;justified&#8221; hover_enabled=&#8221;0&#8243; use_border_color=&#8221;off&#8221; border_color=&#8221;#ffffff&#8221; border_style=&#8221;solid&#8221; global_colors_info=&#8221;{}&#8221; theme_builder_area=&#8221;post_content&#8221; sticky_enabled=&#8221;0&#8243;]<\/p>\n<p>Academia Rom\u00e2n\u0103 aniverseaz\u0103 125 de ani de la na\u0219terea <a href=\"https:\/\/inginerie.aero\/index.php\/ro\/academician-elie-carafoli\/\" target=\"_blank\" rel=\"noopener\"><strong>Acad. Elie Carafoli<\/strong><\/a>, fondatorul \u00eenv\u0103\u021b\u0103mntului superior rom\u00e2nesc de avia\u021bie pe <strong>15 septembrie 2026<\/strong>, ora 11:00, \u00een Aula Academiei Rom\u00e2ne. Evenimentul va fi deschis de Acad. Marius Andruh, Pre\u0219edintele Academiei Rom\u00e2ne \u0219i de Acad. Dorel Banabic, Pre\u0219edintele Sec\u021biei de \u0218tiin\u021be Tehnice. Sesiunea coordonat\u0103 de dr. ing. Dumitru Dorin Prunariu va beneficia de discursurile unor str\u0103luci\u021bi fo\u0219ti studen\u021bi \u0219i colaboratori apropia\u021bi ai profesorului: Prof. univ. emerit dr. ing. Corneliu Berbente, CS I emerit dr. ing. Horia Dumitrescu \u0219i CS I dr. ing. Constantin Olivotto. De asemenea, Eliane Carafoli, fiica profesorului, va aduce o m\u0103rturie pre\u021bioas\u0103 pentru \u00een\u021belegerea personalit\u0103\u021bii complexe a primului membru al Academiei Rom\u00e2ne din domeniul aerospa\u021bial.<\/p>\n<p>Participarea la sesiune se poate face direct, \u00een Aula Academiei, sau prin videoconferin\u021b\u0103. Detalii \u00een <a href=\"https:\/\/inginerie.aero\/wp-content\/uploads\/2026\/09\/INVITATIE_Sesiune-omagiala_ELIE-CARAFOLI_125-ani-de-la-_nastere.pdf\" target=\"_blank\" rel=\"noopener\">&lt;invita\u021bia Academiei Rom\u00e2ne&gt;<\/a>.<\/p>\n<p>Pentru Asocia\u021bia Alumni Politehnica Aerospace Engineering, personalitatea <a href=\"https:\/\/inginerie.aero\/index.php\/ro\/academician-elie-carafoli\/\" target=\"_blank\" rel=\"noopener\">Acad. Elie Carafoli<\/a> este definitorie, fiind primul profesor al subsec\u021biunii de avia\u021bie a \u0218colii Politehnice din Bucure\u0219ti, pred\u00e2nd primul curs de aeronautic\u0103 \u00eenc\u0103 din 1928. Am g\u0103sit \u00een biblioteca asocia\u021biei acest pre\u021bios articol \u0219tiin\u021bific publicat \u00een 1939:<\/p>\n<p><a href=\"https:\/\/inginerie.aero\/wp-content\/uploads\/2026\/09\/Buletin-de-Mathematiques-et-de-physique.pdf\" target=\"_blank\" rel=\"noopener\">&lt;Calcul des performances d&#8217;un avion&gt;<\/a><\/p>\n<p>Este remarcabil\u0103 dedica\u021bia de pe prima pagin\u0103 f\u0103cut\u0103 de Elie Carafoli generalului Constantin Coand\u0103, tat\u0103l lui Henri Coand\u0103.<\/p>\n<p>[\/et_pb_text][et_pb_divider color=&#8221;rgba(147,175,193,0.39)&#8221; disabled_on=&#8221;on|on|off&#8221; admin_label=&#8221;Divider&#8221; _builder_version=&#8221;4.16&#8243; hide_on_mobile=&#8221;on&#8221; global_colors_info=&#8221;{}&#8221; theme_builder_area=&#8221;post_content&#8221;] [\/et_pb_divider][et_pb_comments show_count=&#8221;off&#8221; admin_label=&#8221;Comments&#8221; _builder_version=&#8221;4.16&#8243; use_border_color=&#8221;off&#8221; border_color=&#8221;#ffffff&#8221; border_style=&#8221;solid&#8221; button_letter_spacing_hover=&#8221;0&#8243; global_colors_info=&#8221;{}&#8221; button_text_size__hover_enabled=&#8221;off&#8221; button_one_text_size__hover_enabled=&#8221;off&#8221; button_two_text_size__hover_enabled=&#8221;off&#8221; button_text_color__hover_enabled=&#8221;off&#8221; button_one_text_color__hover_enabled=&#8221;off&#8221; button_two_text_color__hover_enabled=&#8221;off&#8221; button_border_width__hover_enabled=&#8221;off&#8221; button_one_border_width__hover_enabled=&#8221;off&#8221; button_two_border_width__hover_enabled=&#8221;off&#8221; button_border_color__hover_enabled=&#8221;off&#8221; button_one_border_color__hover_enabled=&#8221;off&#8221; button_two_border_color__hover_enabled=&#8221;off&#8221; button_border_radius__hover_enabled=&#8221;off&#8221; button_one_border_radius__hover_enabled=&#8221;off&#8221; button_two_border_radius__hover_enabled=&#8221;off&#8221; button_letter_spacing__hover_enabled=&#8221;on&#8221; button_letter_spacing__hover=&#8221;0&#8243; button_one_letter_spacing__hover_enabled=&#8221;off&#8221; button_two_letter_spacing__hover_enabled=&#8221;off&#8221; button_bg_color__hover_enabled=&#8221;off&#8221; button_one_bg_color__hover_enabled=&#8221;off&#8221; button_two_bg_color__hover_enabled=&#8221;off&#8221; theme_builder_area=&#8221;post_content&#8221;] [\/et_pb_comments][\/et_pb_column_inner][\/et_pb_row_inner][\/et_pb_column][et_pb_column type=&#8221;1_4&#8243; _builder_version=&#8221;4.16&#8243; custom_padding=&#8221;|||&#8221; global_colors_info=&#8221;{}&#8221; custom_padding__hover=&#8221;|||&#8221; theme_builder_area=&#8221;post_content&#8221;][et_pb_blog fullwidth=&#8221;off&#8221; include_categories=&#8221;11&#8243; show_thumbnail=&#8221;off&#8221; show_categories=&#8221;off&#8221; admin_label=&#8221;Blog&#8221; _builder_version=&#8221;4.16&#8243; border_width_all=&#8221;1px&#8221; border_color_all=&#8221;#e5e5e5&#8243; border_style_all=&#8221;solid&#8221; border_width_all_fullwidth=&#8221;1px&#8221; border_color_all_fullwidth=&#8221;#e5e5e5&#8243; border_style_all_fullwidth=&#8221;solid&#8221; box_shadow_style=&#8221;preset1&#8243; box_shadow_vertical=&#8221;1px&#8221; box_shadow_blur=&#8221;5px&#8221; box_shadow_color=&#8221;rgba(0,0,0,.1)&#8221; use_border_color=&#8221;on&#8221; border_color=&#8221;#e5e5e5&#8243; border_style=&#8221;solid&#8221; use_dropshadow=&#8221;on&#8221; global_colors_info=&#8221;{}&#8221; theme_builder_area=&#8221;post_content&#8221;] [\/et_pb_blog][\/et_pb_column][\/et_pb_section]<\/p>\n","protected":false},"excerpt":{"rendered":"<p>Academia Rom\u00e2n\u0103 aniverseaz\u0103 125 de ani de la na\u0219terea Acad. Elie Carafoli, fondatorul \u00eenv\u0103\u021b\u0103mntului superior rom\u00e2nesc de avia\u021bie pe 15 septembrie 2026, ora 11:00, \u00een Aula Academiei Rom\u00e2ne. Evenimentul va fi deschis de Acad. Marius Andruh, Pre\u0219edintele Academiei Rom\u00e2ne \u0219i de Acad. Dorel Banabic, Pre\u0219edintele Sec\u021biei de \u0218tiin\u021be Tehnice. Sesiunea coordonat\u0103 de dr. ing. Dumitru [&hellip;]<\/p>\n","protected":false},"author":5,"featured_media":49268,"comment_status":"open","ping_status":"open","sticky":false,"template":"","format":"standard","meta":{"_et_pb_use_builder":"on","_et_pb_old_content":"","_et_gb_content_width":"","jetpack_post_was_ever_published":false,"_jetpack_newsletter_access":"","_jetpack_dont_email_post_to_subs":false,"_jetpack_newsletter_tier_id":0,"_jetpack_memberships_contains_paywalled_content":false,"_jetpack_memberships_contains_paid_content":false,"footnotes":"","jetpack_publicize_message":"","jetpack_publicize_feature_enabled":true,"jetpack_social_post_already_shared":true,"jetpack_social_options":{"image_generator_settings":{"template":"highway","enabled":false},"version":2},"_links_to":"","_links_to_target":""},"categories":[120,11,108,12],"tags":[],"class_list":["post-49265","post","type-post","status-publish","format-standard","has-post-thumbnail","hentry","category-alumni_3","category-anunturiavizier","category-aviatie-si-astronautica","category-evenimente"],"jetpack_publicize_connections":[],"yoast_head":"<!-- This site is optimized with the Yoast SEO plugin v24.3 - https:\/\/yoast.com\/wordpress\/plugins\/seo\/ -->\n<title>Elie Carafoli omagiat la Academia Rom\u00e2n\u0103 - Alumni Politehnica Aerospace Engineering<\/title>\n<meta name=\"robots\" content=\"index, follow, max-snippet:-1, max-image-preview:large, max-video-preview:-1\" \/>\n<link rel=\"canonical\" href=\"https:\/\/inginerie.aero\/index.php\/ro\/2026\/09\/04\/elie-carafoli-omagiat-la-academia-romana\/\" \/>\n<meta property=\"og:locale\" content=\"ro_RO\" \/>\n<meta property=\"og:type\" content=\"article\" \/>\n<meta property=\"og:title\" content=\"Elie Carafoli omagiat la Academia Rom\u00e2n\u0103 - Alumni Politehnica Aerospace Engineering\" \/>\n<meta property=\"og:description\" content=\"Academia Rom\u00e2n\u0103 aniverseaz\u0103 125 de ani de la na\u0219terea Acad. Elie Carafoli, fondatorul \u00eenv\u0103\u021b\u0103mntului superior rom\u00e2nesc de avia\u021bie pe 15 septembrie 2026, ora 11:00, \u00een Aula Academiei Rom\u00e2ne. Evenimentul va fi deschis de Acad. Marius Andruh, Pre\u0219edintele Academiei Rom\u00e2ne \u0219i de Acad. Dorel Banabic, Pre\u0219edintele Sec\u021biei de \u0218tiin\u021be Tehnice. Sesiunea coordonat\u0103 de dr. ing. Dumitru [&hellip;]\" \/>\n<meta property=\"og:url\" content=\"https:\/\/inginerie.aero\/index.php\/ro\/2026\/09\/04\/elie-carafoli-omagiat-la-academia-romana\/\" \/>\n<meta property=\"og:site_name\" content=\"Alumni Politehnica Aerospace Engineering\" \/>\n<meta property=\"article:publisher\" content=\"https:\/\/www.facebook.com\/groups\/InginerieAerospatiala\/\" \/>\n<meta property=\"article:published_time\" content=\"2026-09-04T08:40:07+00:00\" \/>\n<meta property=\"article:modified_time\" content=\"2026-09-04T08:40:15+00:00\" \/>\n<meta property=\"og:image\" content=\"https:\/\/inginerie.aero\/wp-content\/uploads\/2026\/09\/ElieCarafoli-scaled.jpg\" \/>\n\t<meta property=\"og:image:width\" content=\"2297\" \/>\n\t<meta property=\"og:image:height\" content=\"2560\" \/>\n\t<meta property=\"og:image:type\" content=\"image\/jpeg\" \/>\n<meta name=\"author\" content=\"Octavian Thor Pleter\" \/>\n<meta name=\"twitter:card\" content=\"summary_large_image\" \/>\n<meta name=\"twitter:label1\" content=\"Scris de\" \/>\n\t<meta name=\"twitter:data1\" content=\"Octavian Thor Pleter\" \/>\n\t<meta name=\"twitter:label2\" content=\"Timp estimat pentru citire\" \/>\n\t<meta name=\"twitter:data2\" content=\"5 minute\" \/>\n<script type=\"application\/ld+json\" class=\"yoast-schema-graph\">{\"@context\":\"https:\/\/schema.org\",\"@graph\":[{\"@type\":\"Article\",\"@id\":\"https:\/\/inginerie.aero\/index.php\/ro\/2026\/09\/04\/elie-carafoli-omagiat-la-academia-romana\/#article\",\"isPartOf\":{\"@id\":\"https:\/\/inginerie.aero\/index.php\/ro\/2026\/09\/04\/elie-carafoli-omagiat-la-academia-romana\/\"},\"author\":{\"name\":\"Octavian Thor Pleter\",\"@id\":\"https:\/\/inginerie.aero\/#\/schema\/person\/b0d5910765f3ac927c3c0b221cf4c59a\"},\"headline\":\"Elie Carafoli omagiat la Academia Rom\u00e2n\u0103\",\"datePublished\":\"2026-09-04T08:40:07+00:00\",\"dateModified\":\"2026-09-04T08:40:15+00:00\",\"mainEntityOfPage\":{\"@id\":\"https:\/\/inginerie.aero\/index.php\/ro\/2026\/09\/04\/elie-carafoli-omagiat-la-academia-romana\/\"},\"wordCount\":705,\"commentCount\":0,\"publisher\":{\"@id\":\"https:\/\/inginerie.aero\/#organization\"},\"image\":{\"@id\":\"https:\/\/inginerie.aero\/index.php\/ro\/2026\/09\/04\/elie-carafoli-omagiat-la-academia-romana\/#primaryimage\"},\"thumbnailUrl\":\"https:\/\/inginerie.aero\/wp-content\/uploads\/2026\/09\/ElieCarafoli-scaled.jpg\",\"articleSection\":[\"Alumni\",\"Anunturi avizier\",\"Aviatie si Astronautica\",\"Evenimente\"],\"inLanguage\":\"ro-RO\",\"potentialAction\":[{\"@type\":\"CommentAction\",\"name\":\"Comment\",\"target\":[\"https:\/\/inginerie.aero\/index.php\/ro\/2026\/09\/04\/elie-carafoli-omagiat-la-academia-romana\/#respond\"]}]},{\"@type\":\"WebPage\",\"@id\":\"https:\/\/inginerie.aero\/index.php\/ro\/2026\/09\/04\/elie-carafoli-omagiat-la-academia-romana\/\",\"url\":\"https:\/\/inginerie.aero\/index.php\/ro\/2026\/09\/04\/elie-carafoli-omagiat-la-academia-romana\/\",\"name\":\"Elie Carafoli omagiat la Academia Rom\u00e2n\u0103 - Alumni Politehnica Aerospace Engineering\",\"isPartOf\":{\"@id\":\"https:\/\/inginerie.aero\/#website\"},\"primaryImageOfPage\":{\"@id\":\"https:\/\/inginerie.aero\/index.php\/ro\/2026\/09\/04\/elie-carafoli-omagiat-la-academia-romana\/#primaryimage\"},\"image\":{\"@id\":\"https:\/\/inginerie.aero\/index.php\/ro\/2026\/09\/04\/elie-carafoli-omagiat-la-academia-romana\/#primaryimage\"},\"thumbnailUrl\":\"https:\/\/inginerie.aero\/wp-content\/uploads\/2026\/09\/ElieCarafoli-scaled.jpg\",\"datePublished\":\"2026-09-04T08:40:07+00:00\",\"dateModified\":\"2026-09-04T08:40:15+00:00\",\"breadcrumb\":{\"@id\":\"https:\/\/inginerie.aero\/index.php\/ro\/2026\/09\/04\/elie-carafoli-omagiat-la-academia-romana\/#breadcrumb\"},\"inLanguage\":\"ro-RO\",\"potentialAction\":[{\"@type\":\"ReadAction\",\"target\":[\"https:\/\/inginerie.aero\/index.php\/ro\/2026\/09\/04\/elie-carafoli-omagiat-la-academia-romana\/\"]}]},{\"@type\":\"ImageObject\",\"inLanguage\":\"ro-RO\",\"@id\":\"https:\/\/inginerie.aero\/index.php\/ro\/2026\/09\/04\/elie-carafoli-omagiat-la-academia-romana\/#primaryimage\",\"url\":\"https:\/\/inginerie.aero\/wp-content\/uploads\/2026\/09\/ElieCarafoli-scaled.jpg\",\"contentUrl\":\"https:\/\/inginerie.aero\/wp-content\/uploads\/2026\/09\/ElieCarafoli-scaled.jpg\",\"width\":2297,\"height\":2560},{\"@type\":\"BreadcrumbList\",\"@id\":\"https:\/\/inginerie.aero\/index.php\/ro\/2026\/09\/04\/elie-carafoli-omagiat-la-academia-romana\/#breadcrumb\",\"itemListElement\":[{\"@type\":\"ListItem\",\"position\":1,\"name\":\"Acas\u0103\",\"item\":\"https:\/\/inginerie.aero\/index.php\/ro\/acasa\/\"},{\"@type\":\"ListItem\",\"position\":2,\"name\":\"Elie Carafoli omagiat la Academia Rom\u00e2n\u0103\"}]},{\"@type\":\"WebSite\",\"@id\":\"https:\/\/inginerie.aero\/#website\",\"url\":\"https:\/\/inginerie.aero\/\",\"name\":\"Facultatea de Inginerie Aerospatiala\",\"description\":\"Site-ul Asociatiei de Alumni ai Facultatii de Inginerie Aerospatiala din cadrul Universitatii POLITEHNICA Bucuresti\",\"publisher\":{\"@id\":\"https:\/\/inginerie.aero\/#organization\"},\"potentialAction\":[{\"@type\":\"SearchAction\",\"target\":{\"@type\":\"EntryPoint\",\"urlTemplate\":\"https:\/\/inginerie.aero\/?s={search_term_string}\"},\"query-input\":{\"@type\":\"PropertyValueSpecification\",\"valueRequired\":true,\"valueName\":\"search_term_string\"}}],\"inLanguage\":\"ro-RO\"},{\"@type\":\"Organization\",\"@id\":\"https:\/\/inginerie.aero\/#organization\",\"name\":\"University Politehnica of Bucharest Faculty of Aerospace Engineering\",\"url\":\"https:\/\/inginerie.aero\/\",\"logo\":{\"@type\":\"ImageObject\",\"inLanguage\":\"ro-RO\",\"@id\":\"https:\/\/inginerie.aero\/#\/schema\/logo\/image\/\",\"url\":\"https:\/\/inginerie.aero\/wp-content\/uploads\/2017\/03\/sigla1.png\",\"contentUrl\":\"https:\/\/inginerie.aero\/wp-content\/uploads\/2017\/03\/sigla1.png\",\"width\":734,\"height\":735,\"caption\":\"University Politehnica of Bucharest Faculty of Aerospace Engineering\"},\"image\":{\"@id\":\"https:\/\/inginerie.aero\/#\/schema\/logo\/image\/\"},\"sameAs\":[\"https:\/\/www.facebook.com\/groups\/InginerieAerospatiala\/\"]},{\"@type\":\"Person\",\"@id\":\"https:\/\/inginerie.aero\/#\/schema\/person\/b0d5910765f3ac927c3c0b221cf4c59a\",\"name\":\"Octavian Thor Pleter\",\"image\":{\"@type\":\"ImageObject\",\"inLanguage\":\"ro-RO\",\"@id\":\"https:\/\/inginerie.aero\/#\/schema\/person\/image\/\",\"url\":\"https:\/\/secure.gravatar.com\/avatar\/d2757fe7950838ec38bb7575c942d466cd90b8dfc9313f4db3dfd82daec98433?s=96&d=wavatar&r=g\",\"contentUrl\":\"https:\/\/secure.gravatar.com\/avatar\/d2757fe7950838ec38bb7575c942d466cd90b8dfc9313f4db3dfd82daec98433?s=96&d=wavatar&r=g\",\"caption\":\"Octavian Thor Pleter\"},\"url\":\"https:\/\/inginerie.aero\/index.php\/author\/octavian-pleter\/\"}]}<\/script>\n<!-- \/ Yoast SEO plugin. -->","yoast_head_json":{"title":"Elie Carafoli omagiat la Academia Rom\u00e2n\u0103 - Alumni Politehnica Aerospace Engineering","robots":{"index":"index","follow":"follow","max-snippet":"max-snippet:-1","max-image-preview":"max-image-preview:large","max-video-preview":"max-video-preview:-1"},"canonical":"https:\/\/inginerie.aero\/index.php\/ro\/2026\/09\/04\/elie-carafoli-omagiat-la-academia-romana\/","og_locale":"ro_RO","og_type":"article","og_title":"Elie Carafoli omagiat la Academia Rom\u00e2n\u0103 - Alumni Politehnica Aerospace Engineering","og_description":"Academia Rom\u00e2n\u0103 aniverseaz\u0103 125 de ani de la na\u0219terea Acad. Elie Carafoli, fondatorul \u00eenv\u0103\u021b\u0103mntului superior rom\u00e2nesc de avia\u021bie pe 15 septembrie 2026, ora 11:00, \u00een Aula Academiei Rom\u00e2ne. Evenimentul va fi deschis de Acad. Marius Andruh, Pre\u0219edintele Academiei Rom\u00e2ne \u0219i de Acad. Dorel Banabic, Pre\u0219edintele Sec\u021biei de \u0218tiin\u021be Tehnice. Sesiunea coordonat\u0103 de dr. ing. Dumitru [&hellip;]","og_url":"https:\/\/inginerie.aero\/index.php\/ro\/2026\/09\/04\/elie-carafoli-omagiat-la-academia-romana\/","og_site_name":"Alumni Politehnica Aerospace Engineering","article_publisher":"https:\/\/www.facebook.com\/groups\/InginerieAerospatiala\/","article_published_time":"2026-09-04T08:40:07+00:00","article_modified_time":"2026-09-04T08:40:15+00:00","og_image":[{"width":2297,"height":2560,"url":"https:\/\/inginerie.aero\/wp-content\/uploads\/2026\/09\/ElieCarafoli-scaled.jpg","type":"image\/jpeg"}],"author":"Octavian Thor Pleter","twitter_card":"summary_large_image","twitter_misc":{"Scris de":"Octavian Thor Pleter","Timp estimat pentru citire":"5 minute"},"schema":{"@context":"https:\/\/schema.org","@graph":[{"@type":"Article","@id":"https:\/\/inginerie.aero\/index.php\/ro\/2026\/09\/04\/elie-carafoli-omagiat-la-academia-romana\/#article","isPartOf":{"@id":"https:\/\/inginerie.aero\/index.php\/ro\/2026\/09\/04\/elie-carafoli-omagiat-la-academia-romana\/"},"author":{"name":"Octavian Thor Pleter","@id":"https:\/\/inginerie.aero\/#\/schema\/person\/b0d5910765f3ac927c3c0b221cf4c59a"},"headline":"Elie Carafoli omagiat la Academia Rom\u00e2n\u0103","datePublished":"2026-09-04T08:40:07+00:00","dateModified":"2026-09-04T08:40:15+00:00","mainEntityOfPage":{"@id":"https:\/\/inginerie.aero\/index.php\/ro\/2026\/09\/04\/elie-carafoli-omagiat-la-academia-romana\/"},"wordCount":705,"commentCount":0,"publisher":{"@id":"https:\/\/inginerie.aero\/#organization"},"image":{"@id":"https:\/\/inginerie.aero\/index.php\/ro\/2026\/09\/04\/elie-carafoli-omagiat-la-academia-romana\/#primaryimage"},"thumbnailUrl":"https:\/\/inginerie.aero\/wp-content\/uploads\/2026\/09\/ElieCarafoli-scaled.jpg","articleSection":["Alumni","Anunturi avizier","Aviatie si Astronautica","Evenimente"],"inLanguage":"ro-RO","potentialAction":[{"@type":"CommentAction","name":"Comment","target":["https:\/\/inginerie.aero\/index.php\/ro\/2026\/09\/04\/elie-carafoli-omagiat-la-academia-romana\/#respond"]}]},{"@type":"WebPage","@id":"https:\/\/inginerie.aero\/index.php\/ro\/2026\/09\/04\/elie-carafoli-omagiat-la-academia-romana\/","url":"https:\/\/inginerie.aero\/index.php\/ro\/2026\/09\/04\/elie-carafoli-omagiat-la-academia-romana\/","name":"Elie Carafoli omagiat la Academia Rom\u00e2n\u0103 - Alumni Politehnica Aerospace Engineering","isPartOf":{"@id":"https:\/\/inginerie.aero\/#website"},"primaryImageOfPage":{"@id":"https:\/\/inginerie.aero\/index.php\/ro\/2026\/09\/04\/elie-carafoli-omagiat-la-academia-romana\/#primaryimage"},"image":{"@id":"https:\/\/inginerie.aero\/index.php\/ro\/2026\/09\/04\/elie-carafoli-omagiat-la-academia-romana\/#primaryimage"},"thumbnailUrl":"https:\/\/inginerie.aero\/wp-content\/uploads\/2026\/09\/ElieCarafoli-scaled.jpg","datePublished":"2026-09-04T08:40:07+00:00","dateModified":"2026-09-04T08:40:15+00:00","breadcrumb":{"@id":"https:\/\/inginerie.aero\/index.php\/ro\/2026\/09\/04\/elie-carafoli-omagiat-la-academia-romana\/#breadcrumb"},"inLanguage":"ro-RO","potentialAction":[{"@type":"ReadAction","target":["https:\/\/inginerie.aero\/index.php\/ro\/2026\/09\/04\/elie-carafoli-omagiat-la-academia-romana\/"]}]},{"@type":"ImageObject","inLanguage":"ro-RO","@id":"https:\/\/inginerie.aero\/index.php\/ro\/2026\/09\/04\/elie-carafoli-omagiat-la-academia-romana\/#primaryimage","url":"https:\/\/inginerie.aero\/wp-content\/uploads\/2026\/09\/ElieCarafoli-scaled.jpg","contentUrl":"https:\/\/inginerie.aero\/wp-content\/uploads\/2026\/09\/ElieCarafoli-scaled.jpg","width":2297,"height":2560},{"@type":"BreadcrumbList","@id":"https:\/\/inginerie.aero\/index.php\/ro\/2026\/09\/04\/elie-carafoli-omagiat-la-academia-romana\/#breadcrumb","itemListElement":[{"@type":"ListItem","position":1,"name":"Acas\u0103","item":"https:\/\/inginerie.aero\/index.php\/ro\/acasa\/"},{"@type":"ListItem","position":2,"name":"Elie Carafoli omagiat la Academia Rom\u00e2n\u0103"}]},{"@type":"WebSite","@id":"https:\/\/inginerie.aero\/#website","url":"https:\/\/inginerie.aero\/","name":"Facultatea de Inginerie Aerospatiala","description":"Site-ul Asociatiei de Alumni ai Facultatii de Inginerie Aerospatiala din cadrul Universitatii POLITEHNICA Bucuresti","publisher":{"@id":"https:\/\/inginerie.aero\/#organization"},"potentialAction":[{"@type":"SearchAction","target":{"@type":"EntryPoint","urlTemplate":"https:\/\/inginerie.aero\/?s={search_term_string}"},"query-input":{"@type":"PropertyValueSpecification","valueRequired":true,"valueName":"search_term_string"}}],"inLanguage":"ro-RO"},{"@type":"Organization","@id":"https:\/\/inginerie.aero\/#organization","name":"University Politehnica of Bucharest Faculty of Aerospace Engineering","url":"https:\/\/inginerie.aero\/","logo":{"@type":"ImageObject","inLanguage":"ro-RO","@id":"https:\/\/inginerie.aero\/#\/schema\/logo\/image\/","url":"https:\/\/inginerie.aero\/wp-content\/uploads\/2017\/03\/sigla1.png","contentUrl":"https:\/\/inginerie.aero\/wp-content\/uploads\/2017\/03\/sigla1.png","width":734,"height":735,"caption":"University Politehnica of Bucharest Faculty of Aerospace Engineering"},"image":{"@id":"https:\/\/inginerie.aero\/#\/schema\/logo\/image\/"},"sameAs":["https:\/\/www.facebook.com\/groups\/InginerieAerospatiala\/"]},{"@type":"Person","@id":"https:\/\/inginerie.aero\/#\/schema\/person\/b0d5910765f3ac927c3c0b221cf4c59a","name":"Octavian Thor Pleter","image":{"@type":"ImageObject","inLanguage":"ro-RO","@id":"https:\/\/inginerie.aero\/#\/schema\/person\/image\/","url":"https:\/\/secure.gravatar.com\/avatar\/d2757fe7950838ec38bb7575c942d466cd90b8dfc9313f4db3dfd82daec98433?s=96&d=wavatar&r=g","contentUrl":"https:\/\/secure.gravatar.com\/avatar\/d2757fe7950838ec38bb7575c942d466cd90b8dfc9313f4db3dfd82daec98433?s=96&d=wavatar&r=g","caption":"Octavian Thor Pleter"},"url":"https:\/\/inginerie.aero\/index.php\/author\/octavian-pleter\/"}]}},"jetpack_featured_media_url":"https:\/\/inginerie.aero\/wp-content\/uploads\/2026\/09\/ElieCarafoli-scaled.jpg","jetpack_sharing_enabled":true,"jetpack_shortlink":"https:\/\/wp.me\/pbbi8l-cOB","_links":{"self":[{"href":"https:\/\/inginerie.aero\/index.php\/wp-json\/wp\/v2\/posts\/49265","targetHints":{"allow":["GET"]}}],"collection":[{"href":"https:\/\/inginerie.aero\/index.php\/wp-json\/wp\/v2\/posts"}],"about":[{"href":"https:\/\/inginerie.aero\/index.php\/wp-json\/wp\/v2\/types\/post"}],"author":[{"embeddable":true,"href":"https:\/\/inginerie.aero\/index.php\/wp-json\/wp\/v2\/users\/5"}],"replies":[{"embeddable":true,"href":"https:\/\/inginerie.aero\/index.php\/wp-json\/wp\/v2\/comments?post=49265"}],"version-history":[{"count":2,"href":"https:\/\/inginerie.aero\/index.php\/wp-json\/wp\/v2\/posts\/49265\/revisions"}],"predecessor-version":[{"id":49271,"href":"https:\/\/inginerie.aero\/index.php\/wp-json\/wp\/v2\/posts\/49265\/revisions\/49271"}],"wp:featuredmedia":[{"embeddable":true,"href":"https:\/\/inginerie.aero\/index.php\/wp-json\/wp\/v2\/media\/49268"}],"wp:attachment":[{"href":"https:\/\/inginerie.aero\/index.php\/wp-json\/wp\/v2\/media?parent=49265"}],"wp:term":[{"taxonomy":"category","embeddable":true,"href":"https:\/\/inginerie.aero\/index.php\/wp-json\/wp\/v2\/categories?post=49265"},{"taxonomy":"post_tag","embeddable":true,"href":"https:\/\/inginerie.aero\/index.php\/wp-json\/wp\/v2\/tags?post=49265"}],"curies":[{"name":"wp","href":"https:\/\/api.w.org\/{rel}","templated":true}]}}