{"id":7518,"date":"2017-12-09T00:54:49","date_gmt":"2017-12-08T22:54:49","guid":{"rendered":"https:\/\/inginerie.aero\/?p=7518"},"modified":"2019-02-01T13:16:46","modified_gmt":"2019-02-01T11:16:46","slug":"european-space-generation-workshop","status":"publish","type":"post","link":"https:\/\/inginerie.aero\/index.php\/ro\/2017\/12\/09\/european-space-generation-workshop\/","title":{"rendered":"European Space Generation Workshop"},"content":{"rendered":"<p>[et_pb_section bb_built=&#8221;1&#8243; fullwidth=&#8221;off&#8221; specialty=&#8221;on&#8221;][et_pb_column type=&#8221;3_4&#8243; specialty_columns=&#8221;3&#8243;][et_pb_row_inner admin_label=&#8221;Row&#8221;][et_pb_column_inner type=&#8221;4_4&#8243; saved_specialty_column_type=&#8221;3_4&#8243;][et_pb_text background_layout=&#8221;light&#8221; text_orientation=&#8221;justified&#8221; use_border_color=&#8221;off&#8221; _builder_version=&#8221;3.0.92&#8243;]<\/p>\n<p dir=\"ltr\">Dup\u0103 Budapesta \u0219i Paris, a 3-a Edi\u021bie a <a href=\"https:\/\/spacegeneration.org\/esgw2018\" target=\"_blank\" rel=\"noopener\"><strong>European Space Generation Workshop<\/strong><\/a>, reunind tineri profesioni\u0219ti \u0219i studen\u021bi care lucreaz\u0103 \u00een domeniul spa\u021bial, va avea loc la Bucure\u0219ti pe <strong>9 \u0219i 10 martie 2018<\/strong>.<\/p>\n<p dir=\"ltr\">Acest eveniment regional de dou\u0103 zile va atrage candida\u021bi la titlurile de inginer, master \u00een inginerie \u0219i doctorat, tineri absolven\u021bi, exper\u021bi, oameni de \u0219tiin\u021b\u0103, agen\u021bii spa\u021biale \u0219i reprezentan\u021bi ai industriei pentru a se cunoa\u0219te \u0219i pentru a schimba know-how \u0219i bune practici \u0219i pentru a motiva urm\u0103toarea genera\u021bie de tineri \u00een domeniul astronauticii.<\/p>\n<p dir=\"ltr\">Vor fi prezen\u021bi aproximativ 100 de delega\u021bi (\u00eentre 18 \u0219i 35 de ani) din toat\u0103 Europa, cu scopul de a-\u0219i \u00eemp\u0103rt\u0103\u0219i ideile despre provoc\u0103rile \u0219i oportunit\u0103\u021bile care ne a\u0219teapt\u0103 \u00een perioada urm\u0103toare \u00een domeniul spa\u021bial, cu obiectivul de a sus\u021bine viitoarele ini\u021biative politice europene \u0219i globale, \u00eencuraj\u00e2nd tinerii s\u0103 se implice \u00een activit\u0103\u021bile spa\u021biale \u0219i s\u0103 colaboreze interna\u021bional. De la antreprenoriatul spa\u021bial la explorarea spa\u021biului, \u00eempreun\u0103 vom examina problemele critice care stau \u00een fa\u021ba comunit\u0103\u021bii astronautice \u0219i a comunit\u0103\u021bii interna\u021bionale \u00een general, printr-o serie de seminarii, discu\u021bii \u00een panel \u0219i prezent\u0103ri ale unor invita\u021bi de marc\u0103.<\/p>\n<p dir=\"ltr\">Evenimentul este organizat de Universitatea Politehnica din Bucure\u0219ti, Facultatea de Inginerie Aerospa\u021bial\u0103 \u00een cadrul anivers\u0103rii de 200 de ani a \u0219colii noastre, \u00eempreun\u0103 cu Agen\u021bia Spa\u021bial\u0103 Rom\u00e2n\u0103 (ROSA).<\/p>\n<p dir=\"ltr\">Mai multe detalii pentru \u00eentregistrare pe site-ul manifest\u0103rii <a href=\"https:\/\/spacegeneration.org\/esgw2018\" target=\"_blank\" rel=\"noopener\">&lt;aici&gt;<\/a>.<\/p>\n<p>[\/et_pb_text][et_pb_image _builder_version=&#8221;3.0.92&#8243; src=&#8221;https:\/\/inginerie.aero\/wp-content\/uploads\/2017\/12\/CaptureSpaceGen-1.jpg&#8221; show_in_lightbox=&#8221;off&#8221; url_new_window=&#8221;off&#8221; use_overlay=&#8221;off&#8221; always_center_on_mobile=&#8221;on&#8221; force_fullwidth=&#8221;off&#8221; show_bottom_space=&#8221;on&#8221; \/][et_pb_image _builder_version=&#8221;3.0.92&#8243; src=&#8221;https:\/\/inginerie.aero\/wp-content\/uploads\/2017\/12\/DX2vsfNXkAYNGPU-1-e1520660900370.jpg&#8221; show_in_lightbox=&#8221;off&#8221; url_new_window=&#8221;off&#8221; use_overlay=&#8221;off&#8221; always_center_on_mobile=&#8221;on&#8221; force_fullwidth=&#8221;off&#8221; show_bottom_space=&#8221;on&#8221; \/][et_pb_divider color=&#8221;rgba(147,175,193,0.39)&#8221; show_divider=&#8221;on&#8221; divider_style=&#8221;solid&#8221; divider_position=&#8221;top&#8221; hide_on_mobile=&#8221;on&#8221;]<\/p>\n<p>&nbsp;<\/p>\n<p>[\/et_pb_divider][et_pb_comments show_avatar=&#8221;on&#8221; show_reply=&#8221;on&#8221; show_count=&#8221;off&#8221; background_layout=&#8221;light&#8221; use_border_color=&#8221;off&#8221; border_color=&#8221;#ffffff&#8221; border_style=&#8221;solid&#8221; custom_button=&#8221;off&#8221; button_letter_spacing=&#8221;0&#8243; button_use_icon=&#8221;default&#8221; button_icon_placement=&#8221;right&#8221; button_on_hover=&#8221;on&#8221; button_letter_spacing_hover=&#8221;0&#8243;]<\/p>\n<p>&nbsp;<\/p>\n<p>[\/et_pb_comments][\/et_pb_column_inner][\/et_pb_row_inner][\/et_pb_column][et_pb_column type=&#8221;1_4&#8243;][et_pb_blog fullwidth=&#8221;off&#8221; include_categories=&#8221;11&#8243; show_thumbnail=&#8221;off&#8221; show_content=&#8221;off&#8221; show_more=&#8221;off&#8221; show_author=&#8221;on&#8221; show_date=&#8221;on&#8221; show_categories=&#8221;off&#8221; show_comments=&#8221;off&#8221; show_pagination=&#8221;on&#8221; offset_number=&#8221;0&#8243; use_overlay=&#8221;off&#8221; background_layout=&#8221;light&#8221; use_dropshadow=&#8221;on&#8221; use_border_color=&#8221;on&#8221; border_color=&#8221;#e5e5e5&#8243; border_style=&#8221;solid&#8221;]<\/p>\n<p>&nbsp;<\/p>\n<p>[\/et_pb_blog][\/et_pb_column][\/et_pb_section]<\/p>\n","protected":false},"excerpt":{"rendered":"<p>Dup\u0103 Budapesta \u0219i Paris, a 3-a Edi\u021bie a European Space Generation Workshop, reunind tineri profesioni\u0219ti \u0219i studen\u021bi care lucreaz\u0103 \u00een domeniul spa\u021bial, va avea loc la Bucure\u0219ti pe 9 \u0219i 10 martie 2018. Acest eveniment regional de dou\u0103 zile va atrage candida\u021bi la titlurile de inginer, master \u00een inginerie \u0219i doctorat, tineri absolven\u021bi, exper\u021bi, oameni [&hellip;]<\/p>\n","protected":false},"author":5,"featured_media":7519,"comment_status":"open","ping_status":"open","sticky":false,"template":"","format":"standard","meta":{"_et_pb_use_builder":"on","_et_pb_old_content":"","_et_gb_content_width":"","jetpack_post_was_ever_published":false,"_jetpack_newsletter_access":"","_jetpack_dont_email_post_to_subs":false,"_jetpack_newsletter_tier_id":0,"_jetpack_memberships_contains_paywalled_content":false,"_jetpack_memberships_contains_paid_content":false,"footnotes":"","jetpack_publicize_message":"","jetpack_publicize_feature_enabled":true,"jetpack_social_post_already_shared":true,"jetpack_social_options":{"image_generator_settings":{"template":"highway","enabled":false},"version":2},"_links_to":"","_links_to_target":""},"categories":[11,108],"tags":[],"class_list":["post-7518","post","type-post","status-publish","format-standard","has-post-thumbnail","hentry","category-anunturiavizier","category-aviatie-si-astronautica"],"jetpack_publicize_connections":[],"yoast_head":"<!-- This site is optimized with the Yoast SEO plugin v24.3 - https:\/\/yoast.com\/wordpress\/plugins\/seo\/ -->\n<title>European Space Generation Workshop - Alumni Politehnica Aerospace Engineering<\/title>\n<meta name=\"robots\" content=\"index, follow, max-snippet:-1, max-image-preview:large, max-video-preview:-1\" \/>\n<link rel=\"canonical\" href=\"https:\/\/inginerie.aero\/index.php\/ro\/2017\/12\/09\/european-space-generation-workshop\/\" \/>\n<meta property=\"og:locale\" content=\"ro_RO\" \/>\n<meta property=\"og:type\" content=\"article\" \/>\n<meta property=\"og:title\" content=\"European Space Generation Workshop - Alumni Politehnica Aerospace Engineering\" \/>\n<meta property=\"og:description\" content=\"Dup\u0103 Budapesta \u0219i Paris, a 3-a Edi\u021bie a European Space Generation Workshop, reunind tineri profesioni\u0219ti \u0219i studen\u021bi care lucreaz\u0103 \u00een domeniul spa\u021bial, va avea loc la Bucure\u0219ti pe 9 \u0219i 10 martie 2018. Acest eveniment regional de dou\u0103 zile va atrage candida\u021bi la titlurile de inginer, master \u00een inginerie \u0219i doctorat, tineri absolven\u021bi, exper\u021bi, oameni [&hellip;]\" \/>\n<meta property=\"og:url\" content=\"https:\/\/inginerie.aero\/index.php\/ro\/2017\/12\/09\/european-space-generation-workshop\/\" \/>\n<meta property=\"og:site_name\" content=\"Alumni Politehnica Aerospace Engineering\" \/>\n<meta property=\"article:publisher\" content=\"https:\/\/www.facebook.com\/groups\/InginerieAerospatiala\/\" \/>\n<meta property=\"article:published_time\" content=\"2017-12-08T22:54:49+00:00\" \/>\n<meta property=\"article:modified_time\" content=\"2019-02-01T11:16:46+00:00\" \/>\n<meta property=\"og:image\" content=\"https:\/\/inginerie.aero\/wp-content\/uploads\/2017\/12\/23844540_787862394748782_452620860071460922_n-e1512772347779.png\" \/>\n\t<meta property=\"og:image:width\" content=\"960\" \/>\n\t<meta property=\"og:image:height\" content=\"540\" \/>\n\t<meta property=\"og:image:type\" content=\"image\/png\" \/>\n<meta name=\"author\" content=\"Octavian Thor Pleter\" \/>\n<meta name=\"twitter:card\" content=\"summary_large_image\" \/>\n<meta name=\"twitter:label1\" content=\"Scris de\" \/>\n\t<meta name=\"twitter:data1\" content=\"Octavian Thor Pleter\" \/>\n\t<meta name=\"twitter:label2\" content=\"Timp estimat pentru citire\" \/>\n\t<meta name=\"twitter:data2\" content=\"3 minute\" \/>\n<script type=\"application\/ld+json\" class=\"yoast-schema-graph\">{\"@context\":\"https:\/\/schema.org\",\"@graph\":[{\"@type\":\"Article\",\"@id\":\"https:\/\/inginerie.aero\/index.php\/ro\/2017\/12\/09\/european-space-generation-workshop\/#article\",\"isPartOf\":{\"@id\":\"https:\/\/inginerie.aero\/index.php\/ro\/2017\/12\/09\/european-space-generation-workshop\/\"},\"author\":{\"name\":\"Octavian Thor Pleter\",\"@id\":\"https:\/\/inginerie.aero\/#\/schema\/person\/b0d5910765f3ac927c3c0b221cf4c59a\"},\"headline\":\"European Space Generation Workshop\",\"datePublished\":\"2017-12-08T22:54:49+00:00\",\"dateModified\":\"2019-02-01T11:16:46+00:00\",\"mainEntityOfPage\":{\"@id\":\"https:\/\/inginerie.aero\/index.php\/ro\/2017\/12\/09\/european-space-generation-workshop\/\"},\"wordCount\":539,\"commentCount\":0,\"publisher\":{\"@id\":\"https:\/\/inginerie.aero\/#organization\"},\"image\":{\"@id\":\"https:\/\/inginerie.aero\/index.php\/ro\/2017\/12\/09\/european-space-generation-workshop\/#primaryimage\"},\"thumbnailUrl\":\"https:\/\/inginerie.aero\/wp-content\/uploads\/2017\/12\/23844540_787862394748782_452620860071460922_n-e1512772347779.png\",\"articleSection\":[\"Anunturi avizier\",\"Aviatie si Astronautica\"],\"inLanguage\":\"ro-RO\",\"potentialAction\":[{\"@type\":\"CommentAction\",\"name\":\"Comment\",\"target\":[\"https:\/\/inginerie.aero\/index.php\/ro\/2017\/12\/09\/european-space-generation-workshop\/#respond\"]}]},{\"@type\":\"WebPage\",\"@id\":\"https:\/\/inginerie.aero\/index.php\/ro\/2017\/12\/09\/european-space-generation-workshop\/\",\"url\":\"https:\/\/inginerie.aero\/index.php\/ro\/2017\/12\/09\/european-space-generation-workshop\/\",\"name\":\"European Space Generation Workshop - Alumni Politehnica Aerospace Engineering\",\"isPartOf\":{\"@id\":\"https:\/\/inginerie.aero\/#website\"},\"primaryImageOfPage\":{\"@id\":\"https:\/\/inginerie.aero\/index.php\/ro\/2017\/12\/09\/european-space-generation-workshop\/#primaryimage\"},\"image\":{\"@id\":\"https:\/\/inginerie.aero\/index.php\/ro\/2017\/12\/09\/european-space-generation-workshop\/#primaryimage\"},\"thumbnailUrl\":\"https:\/\/inginerie.aero\/wp-content\/uploads\/2017\/12\/23844540_787862394748782_452620860071460922_n-e1512772347779.png\",\"datePublished\":\"2017-12-08T22:54:49+00:00\",\"dateModified\":\"2019-02-01T11:16:46+00:00\",\"breadcrumb\":{\"@id\":\"https:\/\/inginerie.aero\/index.php\/ro\/2017\/12\/09\/european-space-generation-workshop\/#breadcrumb\"},\"inLanguage\":\"ro-RO\",\"potentialAction\":[{\"@type\":\"ReadAction\",\"target\":[\"https:\/\/inginerie.aero\/index.php\/ro\/2017\/12\/09\/european-space-generation-workshop\/\"]}]},{\"@type\":\"ImageObject\",\"inLanguage\":\"ro-RO\",\"@id\":\"https:\/\/inginerie.aero\/index.php\/ro\/2017\/12\/09\/european-space-generation-workshop\/#primaryimage\",\"url\":\"https:\/\/inginerie.aero\/wp-content\/uploads\/2017\/12\/23844540_787862394748782_452620860071460922_n-e1512772347779.png\",\"contentUrl\":\"https:\/\/inginerie.aero\/wp-content\/uploads\/2017\/12\/23844540_787862394748782_452620860071460922_n-e1512772347779.png\",\"width\":960,\"height\":540},{\"@type\":\"BreadcrumbList\",\"@id\":\"https:\/\/inginerie.aero\/index.php\/ro\/2017\/12\/09\/european-space-generation-workshop\/#breadcrumb\",\"itemListElement\":[{\"@type\":\"ListItem\",\"position\":1,\"name\":\"Acas\u0103\",\"item\":\"https:\/\/inginerie.aero\/index.php\/ro\/acasa\/\"},{\"@type\":\"ListItem\",\"position\":2,\"name\":\"European Space Generation Workshop\"}]},{\"@type\":\"WebSite\",\"@id\":\"https:\/\/inginerie.aero\/#website\",\"url\":\"https:\/\/inginerie.aero\/\",\"name\":\"Facultatea de Inginerie Aerospatiala\",\"description\":\"Site-ul Asociatiei de Alumni ai Facultatii de Inginerie Aerospatiala din cadrul Universitatii POLITEHNICA Bucuresti\",\"publisher\":{\"@id\":\"https:\/\/inginerie.aero\/#organization\"},\"potentialAction\":[{\"@type\":\"SearchAction\",\"target\":{\"@type\":\"EntryPoint\",\"urlTemplate\":\"https:\/\/inginerie.aero\/?s={search_term_string}\"},\"query-input\":{\"@type\":\"PropertyValueSpecification\",\"valueRequired\":true,\"valueName\":\"search_term_string\"}}],\"inLanguage\":\"ro-RO\"},{\"@type\":\"Organization\",\"@id\":\"https:\/\/inginerie.aero\/#organization\",\"name\":\"University Politehnica of Bucharest Faculty of Aerospace Engineering\",\"url\":\"https:\/\/inginerie.aero\/\",\"logo\":{\"@type\":\"ImageObject\",\"inLanguage\":\"ro-RO\",\"@id\":\"https:\/\/inginerie.aero\/#\/schema\/logo\/image\/\",\"url\":\"https:\/\/inginerie.aero\/wp-content\/uploads\/2017\/03\/sigla1.png\",\"contentUrl\":\"https:\/\/inginerie.aero\/wp-content\/uploads\/2017\/03\/sigla1.png\",\"width\":734,\"height\":735,\"caption\":\"University Politehnica of Bucharest Faculty of Aerospace Engineering\"},\"image\":{\"@id\":\"https:\/\/inginerie.aero\/#\/schema\/logo\/image\/\"},\"sameAs\":[\"https:\/\/www.facebook.com\/groups\/InginerieAerospatiala\/\"]},{\"@type\":\"Person\",\"@id\":\"https:\/\/inginerie.aero\/#\/schema\/person\/b0d5910765f3ac927c3c0b221cf4c59a\",\"name\":\"Octavian Thor Pleter\",\"image\":{\"@type\":\"ImageObject\",\"inLanguage\":\"ro-RO\",\"@id\":\"https:\/\/inginerie.aero\/#\/schema\/person\/image\/\",\"url\":\"https:\/\/secure.gravatar.com\/avatar\/e731ef58e12546927afee2390f970c77?s=96&d=wavatar&r=g\",\"contentUrl\":\"https:\/\/secure.gravatar.com\/avatar\/e731ef58e12546927afee2390f970c77?s=96&d=wavatar&r=g\",\"caption\":\"Octavian Thor Pleter\"},\"url\":\"https:\/\/inginerie.aero\/index.php\/author\/octavian-pleter\/\"}]}<\/script>\n<!-- \/ Yoast SEO plugin. -->","yoast_head_json":{"title":"European Space Generation Workshop - Alumni Politehnica Aerospace Engineering","robots":{"index":"index","follow":"follow","max-snippet":"max-snippet:-1","max-image-preview":"max-image-preview:large","max-video-preview":"max-video-preview:-1"},"canonical":"https:\/\/inginerie.aero\/index.php\/ro\/2017\/12\/09\/european-space-generation-workshop\/","og_locale":"ro_RO","og_type":"article","og_title":"European Space Generation Workshop - Alumni Politehnica Aerospace Engineering","og_description":"Dup\u0103 Budapesta \u0219i Paris, a 3-a Edi\u021bie a European Space Generation Workshop, reunind tineri profesioni\u0219ti \u0219i studen\u021bi care lucreaz\u0103 \u00een domeniul spa\u021bial, va avea loc la Bucure\u0219ti pe 9 \u0219i 10 martie 2018. Acest eveniment regional de dou\u0103 zile va atrage candida\u021bi la titlurile de inginer, master \u00een inginerie \u0219i doctorat, tineri absolven\u021bi, exper\u021bi, oameni [&hellip;]","og_url":"https:\/\/inginerie.aero\/index.php\/ro\/2017\/12\/09\/european-space-generation-workshop\/","og_site_name":"Alumni Politehnica Aerospace Engineering","article_publisher":"https:\/\/www.facebook.com\/groups\/InginerieAerospatiala\/","article_published_time":"2017-12-08T22:54:49+00:00","article_modified_time":"2019-02-01T11:16:46+00:00","og_image":[{"width":960,"height":540,"url":"https:\/\/inginerie.aero\/wp-content\/uploads\/2017\/12\/23844540_787862394748782_452620860071460922_n-e1512772347779.png","type":"image\/png"}],"author":"Octavian Thor Pleter","twitter_card":"summary_large_image","twitter_misc":{"Scris de":"Octavian Thor Pleter","Timp estimat pentru citire":"3 minute"},"schema":{"@context":"https:\/\/schema.org","@graph":[{"@type":"Article","@id":"https:\/\/inginerie.aero\/index.php\/ro\/2017\/12\/09\/european-space-generation-workshop\/#article","isPartOf":{"@id":"https:\/\/inginerie.aero\/index.php\/ro\/2017\/12\/09\/european-space-generation-workshop\/"},"author":{"name":"Octavian Thor Pleter","@id":"https:\/\/inginerie.aero\/#\/schema\/person\/b0d5910765f3ac927c3c0b221cf4c59a"},"headline":"European Space Generation Workshop","datePublished":"2017-12-08T22:54:49+00:00","dateModified":"2019-02-01T11:16:46+00:00","mainEntityOfPage":{"@id":"https:\/\/inginerie.aero\/index.php\/ro\/2017\/12\/09\/european-space-generation-workshop\/"},"wordCount":539,"commentCount":0,"publisher":{"@id":"https:\/\/inginerie.aero\/#organization"},"image":{"@id":"https:\/\/inginerie.aero\/index.php\/ro\/2017\/12\/09\/european-space-generation-workshop\/#primaryimage"},"thumbnailUrl":"https:\/\/inginerie.aero\/wp-content\/uploads\/2017\/12\/23844540_787862394748782_452620860071460922_n-e1512772347779.png","articleSection":["Anunturi avizier","Aviatie si Astronautica"],"inLanguage":"ro-RO","potentialAction":[{"@type":"CommentAction","name":"Comment","target":["https:\/\/inginerie.aero\/index.php\/ro\/2017\/12\/09\/european-space-generation-workshop\/#respond"]}]},{"@type":"WebPage","@id":"https:\/\/inginerie.aero\/index.php\/ro\/2017\/12\/09\/european-space-generation-workshop\/","url":"https:\/\/inginerie.aero\/index.php\/ro\/2017\/12\/09\/european-space-generation-workshop\/","name":"European Space Generation Workshop - Alumni Politehnica Aerospace Engineering","isPartOf":{"@id":"https:\/\/inginerie.aero\/#website"},"primaryImageOfPage":{"@id":"https:\/\/inginerie.aero\/index.php\/ro\/2017\/12\/09\/european-space-generation-workshop\/#primaryimage"},"image":{"@id":"https:\/\/inginerie.aero\/index.php\/ro\/2017\/12\/09\/european-space-generation-workshop\/#primaryimage"},"thumbnailUrl":"https:\/\/inginerie.aero\/wp-content\/uploads\/2017\/12\/23844540_787862394748782_452620860071460922_n-e1512772347779.png","datePublished":"2017-12-08T22:54:49+00:00","dateModified":"2019-02-01T11:16:46+00:00","breadcrumb":{"@id":"https:\/\/inginerie.aero\/index.php\/ro\/2017\/12\/09\/european-space-generation-workshop\/#breadcrumb"},"inLanguage":"ro-RO","potentialAction":[{"@type":"ReadAction","target":["https:\/\/inginerie.aero\/index.php\/ro\/2017\/12\/09\/european-space-generation-workshop\/"]}]},{"@type":"ImageObject","inLanguage":"ro-RO","@id":"https:\/\/inginerie.aero\/index.php\/ro\/2017\/12\/09\/european-space-generation-workshop\/#primaryimage","url":"https:\/\/inginerie.aero\/wp-content\/uploads\/2017\/12\/23844540_787862394748782_452620860071460922_n-e1512772347779.png","contentUrl":"https:\/\/inginerie.aero\/wp-content\/uploads\/2017\/12\/23844540_787862394748782_452620860071460922_n-e1512772347779.png","width":960,"height":540},{"@type":"BreadcrumbList","@id":"https:\/\/inginerie.aero\/index.php\/ro\/2017\/12\/09\/european-space-generation-workshop\/#breadcrumb","itemListElement":[{"@type":"ListItem","position":1,"name":"Acas\u0103","item":"https:\/\/inginerie.aero\/index.php\/ro\/acasa\/"},{"@type":"ListItem","position":2,"name":"European Space Generation Workshop"}]},{"@type":"WebSite","@id":"https:\/\/inginerie.aero\/#website","url":"https:\/\/inginerie.aero\/","name":"Facultatea de Inginerie Aerospatiala","description":"Site-ul Asociatiei de Alumni ai Facultatii de Inginerie Aerospatiala din cadrul Universitatii POLITEHNICA Bucuresti","publisher":{"@id":"https:\/\/inginerie.aero\/#organization"},"potentialAction":[{"@type":"SearchAction","target":{"@type":"EntryPoint","urlTemplate":"https:\/\/inginerie.aero\/?s={search_term_string}"},"query-input":{"@type":"PropertyValueSpecification","valueRequired":true,"valueName":"search_term_string"}}],"inLanguage":"ro-RO"},{"@type":"Organization","@id":"https:\/\/inginerie.aero\/#organization","name":"University Politehnica of Bucharest Faculty of Aerospace Engineering","url":"https:\/\/inginerie.aero\/","logo":{"@type":"ImageObject","inLanguage":"ro-RO","@id":"https:\/\/inginerie.aero\/#\/schema\/logo\/image\/","url":"https:\/\/inginerie.aero\/wp-content\/uploads\/2017\/03\/sigla1.png","contentUrl":"https:\/\/inginerie.aero\/wp-content\/uploads\/2017\/03\/sigla1.png","width":734,"height":735,"caption":"University Politehnica of Bucharest Faculty of Aerospace Engineering"},"image":{"@id":"https:\/\/inginerie.aero\/#\/schema\/logo\/image\/"},"sameAs":["https:\/\/www.facebook.com\/groups\/InginerieAerospatiala\/"]},{"@type":"Person","@id":"https:\/\/inginerie.aero\/#\/schema\/person\/b0d5910765f3ac927c3c0b221cf4c59a","name":"Octavian Thor Pleter","image":{"@type":"ImageObject","inLanguage":"ro-RO","@id":"https:\/\/inginerie.aero\/#\/schema\/person\/image\/","url":"https:\/\/secure.gravatar.com\/avatar\/e731ef58e12546927afee2390f970c77?s=96&d=wavatar&r=g","contentUrl":"https:\/\/secure.gravatar.com\/avatar\/e731ef58e12546927afee2390f970c77?s=96&d=wavatar&r=g","caption":"Octavian Thor Pleter"},"url":"https:\/\/inginerie.aero\/index.php\/author\/octavian-pleter\/"}]}},"jetpack_featured_media_url":"https:\/\/inginerie.aero\/wp-content\/uploads\/2017\/12\/23844540_787862394748782_452620860071460922_n-e1512772347779.png","jetpack_sharing_enabled":true,"jetpack_shortlink":"https:\/\/wp.me\/pbbi8l-1Xg","_links":{"self":[{"href":"https:\/\/inginerie.aero\/index.php\/wp-json\/wp\/v2\/posts\/7518","targetHints":{"allow":["GET"]}}],"collection":[{"href":"https:\/\/inginerie.aero\/index.php\/wp-json\/wp\/v2\/posts"}],"about":[{"href":"https:\/\/inginerie.aero\/index.php\/wp-json\/wp\/v2\/types\/post"}],"author":[{"embeddable":true,"href":"https:\/\/inginerie.aero\/index.php\/wp-json\/wp\/v2\/users\/5"}],"replies":[{"embeddable":true,"href":"https:\/\/inginerie.aero\/index.php\/wp-json\/wp\/v2\/comments?post=7518"}],"version-history":[{"count":4,"href":"https:\/\/inginerie.aero\/index.php\/wp-json\/wp\/v2\/posts\/7518\/revisions"}],"predecessor-version":[{"id":9386,"href":"https:\/\/inginerie.aero\/index.php\/wp-json\/wp\/v2\/posts\/7518\/revisions\/9386"}],"wp:featuredmedia":[{"embeddable":true,"href":"https:\/\/inginerie.aero\/index.php\/wp-json\/wp\/v2\/media\/7519"}],"wp:attachment":[{"href":"https:\/\/inginerie.aero\/index.php\/wp-json\/wp\/v2\/media?parent=7518"}],"wp:term":[{"taxonomy":"category","embeddable":true,"href":"https:\/\/inginerie.aero\/index.php\/wp-json\/wp\/v2\/categories?post=7518"},{"taxonomy":"post_tag","embeddable":true,"href":"https:\/\/inginerie.aero\/index.php\/wp-json\/wp\/v2\/tags?post=7518"}],"curies":[{"name":"wp","href":"https:\/\/api.w.org\/{rel}","templated":true}]}}