{"id":9403,"date":"2018-03-11T14:21:33","date_gmt":"2018-03-11T12:21:33","guid":{"rendered":"https:\/\/inginerie.aero\/?p=9403"},"modified":"2021-03-07T20:52:45","modified_gmt":"2021-03-07T18:52:45","slug":"e-sgac-bucharest-2018","status":"publish","type":"post","link":"https:\/\/inginerie.aero\/index.php\/en\/2018\/03\/11\/e-sgac-bucharest-2018\/","title":{"rendered":"E-SGAC Bucharest 2018"},"content":{"rendered":"<p>[et_pb_section bb_built=&#8221;1&#8243; fullwidth=&#8221;off&#8221; specialty=&#8221;on&#8221;][et_pb_column type=&#8221;3_4&#8243; specialty_columns=&#8221;3&#8243;][et_pb_row_inner admin_label=&#8221;Row&#8221;][et_pb_column_inner type=&#8221;4_4&#8243; saved_specialty_column_type=&#8221;3_4&#8243;][et_pb_text background_layout=&#8221;light&#8221; text_orientation=&#8221;justified&#8221; use_border_color=&#8221;off&#8221; _builder_version=&#8221;3.0.92&#8243;]<\/p>\n<p>&nbsp;<\/p>\n<p><img loading=\"lazy\" decoding=\"async\" class=\"alignnone size-full wp-image-9395\" src=\"https:\/\/inginerie.aero\/wp-content\/uploads\/2018\/03\/Schrogl_s.jpg\" alt=\"\" width=\"410\" height=\"340\" srcset=\"https:\/\/inginerie.aero\/wp-content\/uploads\/2018\/03\/Schrogl_s.jpg 410w, https:\/\/inginerie.aero\/wp-content\/uploads\/2018\/03\/Schrogl_s-300x249.jpg 300w\" sizes=\"(max-width: 410px) 100vw, 410px\" \/><\/p>\n<p>Photo: www.esa.int<\/p>\n<p>Prof. Dr. Kai-Uwe Schrogl, Chief Strategy Officer at the\u00a0<a href=\"https:\/\/www.esa.int\/ESA\">European Space Agency (ESA)<\/a>\u00a0addressed the young community of the space generation at the\u00a0<a href=\"https:\/\/inginerie.aero\/index.php\/ro\/2017\/12\/09\/european-space-generation-workshop\/\">3-rd <strong>European Space Generation Workshop\u00a0<\/strong>(SGAC)<\/a>, which took place in Bucharest, on 9-10 March 2018. This is an advisory council to the UN for space and perfectly understandable these days, it is not an old men council, it is a young people council instead. He asserted his receptivity to the young people&#8217;s aspirations in this stage of space explorations, codenamed Space 4.0, which is a one of international participation, and young people have an essential role in defining the priorities and the targets to reach in the next decades. Among these young people, we were pleased to find a significant number of students of the Faculty of Aerospace Engineering, which also hosted the event. The Romanian Space Agency ROSA kindly sponsored the young Romanian participants with the fee. Prof. Dr. Kai-Uwe Schrogl accepted out invitation to speak to the academic community of the Faculty of Aerospace Engineering, University Politehnica of Bucharest. The date will be announced later.<\/p>\n<p><img loading=\"lazy\" decoding=\"async\" class=\"alignnone size-full wp-image-9381\" src=\"https:\/\/inginerie.aero\/wp-content\/uploads\/2017\/12\/CaptureSpaceGen-1.jpg\" alt=\"\" width=\"524\" height=\"612\" srcset=\"https:\/\/inginerie.aero\/wp-content\/uploads\/2017\/12\/CaptureSpaceGen-1.jpg 524w, https:\/\/inginerie.aero\/wp-content\/uploads\/2017\/12\/CaptureSpaceGen-1-257x300.jpg 257w\" sizes=\"(max-width: 524px) 100vw, 524px\" \/><\/p>\n<p>Also on behalf of\u00a0<a href=\"https:\/\/www.esa.int\/ESA\">ESA<\/a>, Christina Giannopapa, Head of the Political Affairs Office (second from the left in the photo below), Maria Gabriella Sarah and Caroline Thro were present.<\/p>\n<p><img loading=\"lazy\" decoding=\"async\" class=\"alignnone size-large wp-image-9396\" src=\"https:\/\/inginerie.aero\/wp-content\/uploads\/2018\/03\/IMG_5699_s-1024x768.jpg\" alt=\"\" width=\"1024\" height=\"768\" srcset=\"https:\/\/inginerie.aero\/wp-content\/uploads\/2018\/03\/IMG_5699_s.jpg 1024w, https:\/\/inginerie.aero\/wp-content\/uploads\/2018\/03\/IMG_5699_s-300x225.jpg 300w, https:\/\/inginerie.aero\/wp-content\/uploads\/2018\/03\/IMG_5699_s-768x576.jpg 768w, https:\/\/inginerie.aero\/wp-content\/uploads\/2018\/03\/IMG_5699_s-510x382.jpg 510w, https:\/\/inginerie.aero\/wp-content\/uploads\/2018\/03\/IMG_5699_s-610x458.jpg 610w\" sizes=\"(max-width: 1024px) 100vw, 1024px\" \/><\/p>\n<p>The event opened with the speech of Dr. Marius Ioan Piso, President and CEO of the Romanian Space Agency \u2013 <a href=\"http:\/\/www2.rosa.ro\/index.php\/en\/\">ROSA<\/a> (left) and Gabriela Melania Ciot, Secretary of State in the Romanian Ministry of Foreign Affairs (second from the right).<\/p>\n<p>Dr. Marius Ioan Piso explained his vision on Romania&#8217;s space development, through growing of excellence centers in different areas. This growth follows a very accelerated dynamics for Romania in recent history, and that owes to Dr. Piso. There are huge steps made by Romania since the 90s, topping with the acceptance of our country in 2011 as the 19-th full member of ESA. We are proud that the Faculty of Aerospace Engineering of the University Politehnica of Bucharest, other sister faculties and our Center of Research for Aeronautics and Space occupy a central role in the ROSA stategy.<\/p>\n<p>In my capacity of Dean of the Faculty of Aerospace Engineering (right), I conveyed our message to the young generation of future space explorers. I mentioned that we are involved in a number of research projects of the European Space Agency through the Center of Research for Aeronautics and Space, but in the same time we \u201dsupply\u201d engineers and researchers qualified for the challenges of the frontier of knowledge. We were otherwise surprised in the most pleasant way that a lot of space industry representatives present at the event were our Alumni.<\/p>\n<p><img loading=\"lazy\" decoding=\"async\" class=\"alignnone size-large wp-image-9383\" src=\"https:\/\/inginerie.aero\/wp-content\/uploads\/2017\/12\/DX2vsfNXkAYNGPU-1-1024x584.jpg\" alt=\"\" width=\"1024\" height=\"584\" \/><\/p>\n<p>Photo: SGAC<\/p>\n<p>It does not seem an exaggeration to say that probably saving our planet from potential cosmic, environment or climate catastrophes depend on the power of this new generation, the space generation. Like aeronautics, the astronautics exert a phenomenal fascination and in the same time attracts people who are particularly courageous, full of character and admirable. You may be attracted to this field not only by challenging the limits of exploration, but also by joining a human community of outstanding quality. As an exponent of the elite of this community, Cosmonaut Dr. Eng. Dumitru Dorin Prunariu had a very applauded presentation. We take pride in the international appreciation of Dorin Prunariu, and Alumnus of Honour of the Faculty of Aerospace Engineering. About him I wrote once: \u201dWe are 6 billion people on this planet. Only the best 600 have been selected to be astronauts. You got 1 in ten million chances to be that perfect!\u201d Together with Dorin, I mentioned Hermann Oberth, as it seemed appropriate that the future space explorers, some for the first time in Romania, to hear that one of the space flight pioneers was Romanian.<\/p>\n<p>Another Romanian contribution belongs to the space lawyer Virgiliu Pop, ROSA researcher, responsabile of\u00a0<a href=\"http:\/\/www.esero.ro\/\">ESERO<\/a>\u00a0program (photo). He co-founded SGAC in 2001 and author an important book in the field: \u201dWho Owns the Moon?\u201d published in 2008 at Spinger. The problem of the extraterrestrial mining will be a pregnant one in the next decades, especially under the legal perspective.<\/p>\n<p><img loading=\"lazy\" decoding=\"async\" class=\"alignnone size-large wp-image-9397\" src=\"https:\/\/inginerie.aero\/wp-content\/uploads\/2018\/03\/IMG_5702_small-768x1024.jpg\" alt=\"\" width=\"768\" height=\"1024\" srcset=\"https:\/\/inginerie.aero\/wp-content\/uploads\/2018\/03\/IMG_5702_small.jpg 768w, https:\/\/inginerie.aero\/wp-content\/uploads\/2018\/03\/IMG_5702_small-225x300.jpg 225w, https:\/\/inginerie.aero\/wp-content\/uploads\/2018\/03\/IMG_5702_small-610x813.jpg 610w\" sizes=\"(max-width: 768px) 100vw, 768px\" \/><\/p>\n<p>The event also enjoyed the presence of Patrick O\u2019Keeffe, NATO Legal Advisor at the COE CSW Center, and Dr. Bleddyn E. Bowen, lecturer in international relations at the University of Leicester.<\/p>\n<p><img loading=\"lazy\" decoding=\"async\" class=\"alignnone size-large wp-image-9398\" src=\"https:\/\/inginerie.aero\/wp-content\/uploads\/2018\/03\/IMG_5724_small-1024x768.jpg\" alt=\"\" width=\"1024\" height=\"768\" srcset=\"https:\/\/inginerie.aero\/wp-content\/uploads\/2018\/03\/IMG_5724_small.jpg 1024w, https:\/\/inginerie.aero\/wp-content\/uploads\/2018\/03\/IMG_5724_small-300x225.jpg 300w, https:\/\/inginerie.aero\/wp-content\/uploads\/2018\/03\/IMG_5724_small-768x576.jpg 768w, https:\/\/inginerie.aero\/wp-content\/uploads\/2018\/03\/IMG_5724_small-510x382.jpg 510w, https:\/\/inginerie.aero\/wp-content\/uploads\/2018\/03\/IMG_5724_small-610x458.jpg 610w\" sizes=\"(max-width: 1024px) 100vw, 1024px\" \/><\/p>\n<p>The panel dedicated to Space Exploration consisted of the following speakers (Photo from left to right):<\/p>\n<ul>\n<li>Marino Crisconio, Human Spaceflight Department of\u00a0<a href=\"https:\/\/www.asi.it\/en\">Italian Space Agency ASI<\/a><\/li>\n<li>Franco Fenoglio, Head of Human Spaceflight and Transportation Programs of\u00a0<a href=\"https:\/\/www.thalesgroup.com\/en\/countries\/europe\/italy\">Thales Alenia Space Italia<\/a><\/li>\n<li>Jakub Knir, CFD specialist of\u00a0<a href=\"https:\/\/www.fosterandpartners.com\/\">Foster and Partners<\/a><\/li>\n<li>Christian Ohlendorff Knudsen,\u00a0<a href=\"https:\/\/www.mars-one.com\/\">Mars One<\/a>\u00a0candidate<\/li>\n<li>Andrea Pellacani, AIM Project Manager ofi <a href=\"https:\/\/www.gmv.com\/en\/\">GMV<\/a><\/li>\n<\/ul>\n<p>The future astronaut who trains for a no return flight to Mars, Christian Ohlendorff Knudsen, particulary attracted the entire attention. The five panelists were asked by moderator Akash Trivedi which is the time horizon when we will touch the planet Mars with human crew. Christian replied that there are two scenarios: one if sacrifice, for which he estimated 10 years, and other where the astronauts&#8217; safety and comfort will prevail, in approximately 20 years. Marino and Franco placed landing on Mars at 20 years plus. Jakub and Andrea estimated 15 years. Problems still unresolved were mentioned, especially the cosmic radiation effect on humans. An original presence of an architecture company, <a href=\"https:\/\/www.fosterandpartners.com\/\">Foster and Partners<\/a>, surprised the audience. The architecture however is that of buildings on the Moon or on Mars, using a 3D printer capable of processing basalt dust abundant on these celestial bodies to build the future shelters.<\/p>\n<p>On behalf of the space industry, Mansoor Shar of\u00a0<a href=\"https:\/\/www.inmarsat.com\/\">Inmarsat<\/a>\u00a0and Jaroslaw Jaworski, Head of Robotics\u00a0<a href=\"http:\/\/piap.pl\/en\/About-the-Institute\">PIAP Space<\/a>\u00a0also participated.<\/p>\n<p>Andrea Pellacani, aerospace engineer, made a separate presentation of the\u00a0<a href=\"https:\/\/www.gmv.com\/en\/\">GMV<\/a>\u00a0company. In the photo I caught him together with the Faculty of Aerospace Engineering Alumnus, Corina \u0218tiubei, who was deputy organizer of the SGAC event.<\/p>\n<p><img loading=\"lazy\" decoding=\"async\" class=\"alignnone size-large wp-image-9399\" src=\"https:\/\/inginerie.aero\/wp-content\/uploads\/2018\/03\/IMG_5717_s-1024x768.jpg\" alt=\"\" width=\"1024\" height=\"768\" srcset=\"https:\/\/inginerie.aero\/wp-content\/uploads\/2018\/03\/IMG_5717_s.jpg 1024w, https:\/\/inginerie.aero\/wp-content\/uploads\/2018\/03\/IMG_5717_s-300x225.jpg 300w, https:\/\/inginerie.aero\/wp-content\/uploads\/2018\/03\/IMG_5717_s-768x576.jpg 768w, https:\/\/inginerie.aero\/wp-content\/uploads\/2018\/03\/IMG_5717_s-510x382.jpg 510w, https:\/\/inginerie.aero\/wp-content\/uploads\/2018\/03\/IMG_5717_s-610x458.jpg 610w\" sizes=\"(max-width: 1024px) 100vw, 1024px\" \/><\/p>\n<p>The Spanish company\u00a0<a href=\"https:\/\/www.gmv.com\/en\/\">GMV<\/a>\u00a0expanded on more continents, becoming a multinational corporation. It is involved in many ESA projects. Absolute and Relative Navigation of the mission in Project Luna-Resurs and the Guidance Navigation and Control algorithm (GNC) of the ROSETTA mission for the Asteroid Impact Mission (AIM) are just two of the applications developed by GMV. Andrea concluded that the key issues of exploring the new frontiers (Moon, Asteroids and Mars) are the GNC algorithms which run and take autonomous decisions, in contrast to the current practice when all decisions are taken in a Control Center on Earth. In enabling this, an essential role will belong to space navigation. This statement confirmed my own ideas and supplied me with a motivational resource for the students whom I am trying to teach air navigation and space navigation. To remember this inspirational moment, I took a photo with Andrea.<\/p>\n<p><img loading=\"lazy\" decoding=\"async\" class=\"alignnone size-large wp-image-9400\" src=\"https:\/\/inginerie.aero\/wp-content\/uploads\/2018\/03\/IMG_5731_s-768x1024.jpg\" alt=\"\" width=\"768\" height=\"1024\" srcset=\"https:\/\/inginerie.aero\/wp-content\/uploads\/2018\/03\/IMG_5731_s.jpg 768w, https:\/\/inginerie.aero\/wp-content\/uploads\/2018\/03\/IMG_5731_s-225x300.jpg 225w, https:\/\/inginerie.aero\/wp-content\/uploads\/2018\/03\/IMG_5731_s-610x813.jpg 610w\" sizes=\"(max-width: 768px) 100vw, 768px\" \/><\/p>\n<p>It was particularly rewarding to hear\u00a0Andrea Pellacani mentioning that \u201dthe Romanian GMV subsidiary is very nice, active, already involved in important projects&#8221; and that \u201dwe will see it in a lot of projects in the future\u201d. The GMV Romania subsidiary employed a substantial number of Alumni of the Faculty of Aerospace Engineering. In the next photo I caught Eng. Cristian Corneliu Chi\u021bu, Space Director of GMV Romania, with Eng. Florin Mistr\u0103p\u0103u. Both are graduates of the Faculty of Aerospace Engineering. Cristian graduated Aerospace Constructions in 2009, and Florin graduated Equipment and Aviation Systems in 2015 and the Avionics and Aerospace Navigation master program in 2017. Director Cristian Chi\u021bu mentioned that GMV Romania has a medium term plan to employ more 20 aerospace engineers.<\/p>\n<p><img loading=\"lazy\" decoding=\"async\" class=\"alignnone size-large wp-image-9401\" src=\"https:\/\/inginerie.aero\/wp-content\/uploads\/2018\/03\/IMG_5729_s-768x1024.jpg\" alt=\"\" width=\"768\" height=\"1024\" srcset=\"https:\/\/inginerie.aero\/wp-content\/uploads\/2018\/03\/IMG_5729_s.jpg 768w, https:\/\/inginerie.aero\/wp-content\/uploads\/2018\/03\/IMG_5729_s-225x300.jpg 225w, https:\/\/inginerie.aero\/wp-content\/uploads\/2018\/03\/IMG_5729_s-610x813.jpg 610w\" sizes=\"(max-width: 768px) 100vw, 768px\" \/><\/p>\n<p>Another company who looks to recruit young aerospace engineers who participated to the event was\u00a0<a href=\"https:\/\/www.hespace.com\/\">HE Space<\/a>, represented by Ioana \u0218elaru, Technical Recruiter.<\/p>\n<p>The event had a nice closure with a gala dinner at the sumptuous Ghica Palace on Calea Victoriei. We hope that Romania appealed to the guests and they would gladly return on the occasion of future international aerospace events.<\/p>\n<p>&nbsp;<\/p>\n<p>&nbsp;<\/p>\n<p>[\/et_pb_text][et_pb_divider color=&#8221;rgba(147,175,193,0.39)&#8221; show_divider=&#8221;on&#8221; divider_style=&#8221;solid&#8221; divider_position=&#8221;top&#8221; hide_on_mobile=&#8221;on&#8221; \/][et_pb_comments show_avatar=&#8221;on&#8221; show_reply=&#8221;on&#8221; show_count=&#8221;off&#8221; background_layout=&#8221;light&#8221; use_border_color=&#8221;off&#8221; border_color=&#8221;#ffffff&#8221; border_style=&#8221;solid&#8221; custom_button=&#8221;off&#8221; button_letter_spacing=&#8221;0&#8243; button_use_icon=&#8221;default&#8221; button_icon_placement=&#8221;right&#8221; button_on_hover=&#8221;on&#8221; button_letter_spacing_hover=&#8221;0&#8243; \/][\/et_pb_column_inner][\/et_pb_row_inner][\/et_pb_column][et_pb_column type=&#8221;1_4&#8243;][et_pb_blog fullwidth=&#8221;off&#8221; include_categories=&#8221;11&#8243; show_thumbnail=&#8221;off&#8221; show_content=&#8221;off&#8221; show_more=&#8221;off&#8221; show_author=&#8221;on&#8221; show_date=&#8221;on&#8221; show_categories=&#8221;off&#8221; show_comments=&#8221;off&#8221; show_pagination=&#8221;on&#8221; offset_number=&#8221;0&#8243; use_overlay=&#8221;off&#8221; background_layout=&#8221;light&#8221; use_dropshadow=&#8221;on&#8221; use_border_color=&#8221;on&#8221; border_color=&#8221;#e5e5e5&#8243; border_style=&#8221;solid&#8221; \/][\/et_pb_column][\/et_pb_section]<\/p>\n","protected":false},"excerpt":{"rendered":"<p>&nbsp; Photo: www.esa.int Prof. Dr. Kai-Uwe Schrogl, Chief Strategy Officer at the\u00a0European Space Agency (ESA)\u00a0addressed the young community of the space generation at the\u00a03-rd European Space Generation Workshop\u00a0(SGAC), which took place in Bucharest, on 9-10 March 2018. This is an advisory council to the UN for space and perfectly understandable these days, it is not [&hellip;]<\/p>\n","protected":false},"author":5,"featured_media":9394,"comment_status":"open","ping_status":"open","sticky":false,"template":"","format":"standard","meta":{"_et_pb_use_builder":"on","_et_pb_old_content":"<p>[et_pb_section bb_built=\"1\" fullwidth=\"off\" specialty=\"on\"][et_pb_column type=\"3_4\" specialty_columns=\"3\"][et_pb_row_inner admin_label=\"Row\"][et_pb_column_inner type=\"4_4\" saved_specialty_column_type=\"3_4\"][et_pb_text background_layout=\"light\" text_orientation=\"justified\" use_border_color=\"off\" border_color=\"#ffffff\" border_style=\"solid\" _builder_version=\"3.0.92\"]<\/p><p><img class=\"alignnone size-full wp-image-9395\" src=\"https:\/\/inginerie.aero\/wp-content\/uploads\/2018\/03\/Schrogl_s.jpg\" alt=\"\" width=\"410\" height=\"340\" \/><\/p><p>Photo: www.esa.int<\/p><p>Prof. Dr. Kai-Uwe Schrogl, director de strategie la <a href=\"https:\/\/www.esa.int\/ESA\">Agen\u021bia Spa\u021bial\u0103 European\u0103 (ESA)<\/a> s-a adresat tinerei comunit\u0103\u021bi a genera\u021biei spa\u021biale la <a href=\"https:\/\/inginerie.aero\/index.php\/ro\/2017\/12\/09\/european-space-generation-workshop\/\">cel de-al 3-lea Seminar European an Consiliului Consultativ al Genera\u021biei Spa\u021biale (SGAC)<\/a>, care s-a desf\u0103\u0219urat la Bucure\u0219ti, pe 9-10 martie 2018. Acest consiliu este un organism consultativ al Organiza\u021biei Na\u021biunilor Unite pentru spa\u021biu \u0219i \u00een mod perfect explicabil \u00een ziua de azi, nu este un \u201dsfat al b\u0103tr\u00e2nilor\u201d, ci un \u201dsfat al tinerilor\u201d. El s-a ar\u0103tat receptiv la aspira\u021biile tinerilor \u00een aceast\u0103 etap\u0103 cu numele de cod Space 4.0 a explor\u0103rii spa\u021biului cosmic, care este una a particip\u0103rii interna\u021bionale, iar tinerii au un rol esen\u021bial \u00een definirea priorit\u0103\u021bilor \u0219i \u021bintelor de atins \u00een deceniile urm\u0103toare. Printre ace\u0219ti tineri, ne bucur\u0103 faptul c\u0103 un num\u0103r semnificativ au fost studen\u021bi al Facult\u0103\u021bii de Inginerie Aerospa\u021bial\u0103, care a fost \u0219i gazda evenimentului. Agen\u021bia Spa\u021bial\u0103 Rom\u00e2n\u0103 ROSA a avut amabilitatea de a sponsoriza tinerii rom\u00e2ni cu taxa de participare. Prof. Dr. Kai-Uwe Schrogl a acceptat invita\u021bia noastr\u0103 de a \u021bine o conferin\u021b\u0103 \u00een Facultatea de Inginerie Aerospa\u021bial\u0103 a Universit\u0103\u021bii Politehnica din Bucure\u0219ti \u00a0la o dat\u0103 care va fi anun\u021bat\u0103.<\/p><p><img class=\"alignnone size-full wp-image-9381\" src=\"https:\/\/inginerie.aero\/wp-content\/uploads\/2017\/12\/CaptureSpaceGen-1.jpg\" alt=\"\" width=\"524\" height=\"612\" \/><\/p><p>Din partea <a href=\"https:\/\/www.esa.int\/ESA\">ESA<\/a> au mai participat Christina Giannopapa, \u0219efa rela\u021biilor politice (a doua din st\u00e2nga \u00een fotografia de mai jos), Maria Gabriella Sarah \u0219i Caroline Thro.<\/p><p><img class=\"alignnone size-large wp-image-9396\" src=\"https:\/\/inginerie.aero\/wp-content\/uploads\/2018\/03\/IMG_5699_s-1024x768.jpg\" alt=\"\" width=\"1024\" height=\"768\" \/><\/p><p>Evenimentul a fost deschis de Dr. Marius Ioan Piso, pre\u0219edinte \u0219i director general al Agen\u021biei Spa\u021biale Rom\u00e2ne \u2013 <a href=\"http:\/\/www2.rosa.ro\/index.php\/en\/\">ROSA<\/a> (\u00een st\u00e2nga) \u0219i de Gabriela Melania Ciot, secretar de stat \u00een Ministerul de Externe al Rom\u00e2niei (a doua din dreapta).<\/p><p>Dr. Marius Ioan Piso a explicat viziunea sa \u00een dezvoltarea spa\u021bial\u0103 a Rom\u00e2niei, prin dezvoltarea unor centre de excelen\u021b\u0103 pe diverse domenii. Aceast\u0103 dezvoltare urmeaz\u0103 unei dinamici foarte accelerate pentru Rom\u00e2nia din istoria recent\u0103, iar aceasta i se datoreaz\u0103 d-lui Piso. Sunt pa\u0219i uria\u0219i f\u0103cu\u021bi de Rom\u00e2nia din anii 1990, culmin\u00e2nd cu acceptarea \u021b\u0103rii noastre \u00een 2011 ca al 19-lea membru plin al Agen\u021biei Spa\u021biale Europene \u00een 2014. Ne bucur\u0103 c\u0103 Facultatea de Inginerie Aerospa\u021bial\u0103 a Universit\u0103\u021bii Politehnica din Bucure\u0219ti, dar \u0219i alte facult\u0103\u021bi din \u0219coala noastr\u0103, precum \u0219i Centrul de Cercet\u0103ri pentru Aeronautic\u0103 \u0219i Spa\u021biu ocup\u0103 un loc important \u00een strategia ROSA.<\/p><p>\u00cen calitate de decan al Facult\u0103\u021bii de Inginerie Aerospa\u021bial\u0103 (\u00een dreapta) am transmis mesajul nostru tinerei genera\u021bii de viitori exploratori ai spa\u021biului. Am men\u021bionat c\u0103 suntem implica\u021bi \u00eentr-o serie de proiecte ale Agen\u021biei Spa\u021biale Europene prin Centrul de Cercet\u0103ri pentru Aeronautic\u0103 \u0219i Spa\u021biu, dar \u00een acela\u0219i timp \u201dlivr\u0103m\u201d ingineri \u0219i cercet\u0103tori \u0219tiin\u021bifici califica\u021bi pentru provoc\u0103rile acestei frontiere a cunoa\u0219terii. De altfel, am constatat cu bucurie c\u0103 mul\u021bi dintre reprezentan\u021bii industriei spa\u021biale prezen\u021bi la Bucure\u0219ti erau absolven\u021bii no\u0219tri.<\/p><p><img class=\"alignnone size-large wp-image-9383\" src=\"https:\/\/inginerie.aero\/wp-content\/uploads\/2017\/12\/DX2vsfNXkAYNGPU-1-1024x584.jpg\" alt=\"\" width=\"1024\" height=\"584\" \/><\/p><p>Photo: SGAC<\/p><p>Nu mi se pare o exagerare s\u0103 afirm c\u0103 probabil salvarea planetei noastre de la poten\u021biale catastrofe cosmice, de mediu sau climatice st\u0103 \u00een puterea acestei noi genera\u021bii, genera\u021bia spa\u021bial\u0103. Ca \u0219i aeronautica, astronautica exercit\u0103 o fascina\u021bie inegalabil\u0103 \u0219i totodat\u0103 atrage oameni de curaj, oameni de caracter, oameni admirabili. Ceea ce te poate atrage c\u0103tre acest domeniu nu este numai provocarea limitelor explor\u0103rii \u0219i ale cunoa\u0219terii, dar \u0219i comunitatea uman\u0103 de o calitate extraordinar\u0103. Ca exponent al elitei acestei comunit\u0103\u021bi, Cosmonaut dr. ing. Dumitru Dorin Prunariu a avut o prezentare foarte aplaudat\u0103. Ne bucur\u0103 mult aprecierea interna\u021bional\u0103 de care se bucur\u0103 un Alumnus de Onoare al Facult\u0103\u021bii de Inginerie Aerospa\u021bial\u0103. Despre el am spus mai demult c\u0103 \u201dSuntem 6 miliarde de oameni pe aceast\u0103 planet\u0103. Doar cei mai buni 600 au fost selec\u021biona\u021bi pentru a fi astronau\u021bi. Deci avem \u0219anse de 1 la 10 milioane de a fi at\u00e2t de perfec\u021bi ca Dorin Prunariu\u201d. \u00cempreun\u0103 cu Dorin l-am men\u021bionat \u0219i pe Hermann Oberth, era bine ca tinerii viitori exploratori spa\u021biali, mul\u021bi afla\u021bi pentru prima oar\u0103 \u00een Rom\u00e2nia, s\u0103 aud\u0103 c\u0103 unul dintre pionierii zborului spa\u021biali a fost rom\u00e2n.<\/p><p>O alt\u0103 contribu\u021bie rom\u00e2neasc\u0103 apar\u021bine avocatului pe probleme de spa\u021biu Virgiliu Pop, cercet\u0103tor al ROSA, responsabil de programul <a href=\"http:\/\/www.esero.ro\/\">ESERO<\/a> (foto). El a fost co-fondator al SGAC \u00een 2001 \u0219i este autorul unei c\u0103r\u021bi importante \u00een domeniu: \u201dCine e proprietarul Lunii?\u201d ap\u0103rut\u0103 \u00een 2008 la Editura Spinger. Problema mineritului extraterestru va fi una pregnant\u0103 \u00een urm\u0103toarele decenii, mai ales sub aspect juridic.<\/p><p><img class=\"alignnone size-large wp-image-9397\" src=\"https:\/\/inginerie.aero\/wp-content\/uploads\/2018\/03\/IMG_5702_small-768x1024.jpg\" alt=\"\" width=\"768\" height=\"1024\" \/><\/p><p>La eveniment au mai fost prezen\u021bi Patrick O\u2019Keeffe, consultant juridic al NATO la Centrul COE CSW, Dr. Bleddyn E. Bowen, lector \u00een rela\u021bii interna\u021bionale la Universitatea din Leicester.<\/p><p><img class=\"alignnone size-large wp-image-9398\" src=\"https:\/\/inginerie.aero\/wp-content\/uploads\/2018\/03\/IMG_5724_small-1024x768.jpg\" alt=\"\" width=\"1024\" height=\"768\" \/><\/p><p>La Panel-ul dedicat expor\u0103rilor spa\u021biale au participat (foto de la st\u00e2nga la dreapta):<\/p><ul><li>Marino Crisconio, de la departamentul de zboruri spa\u021biale cu echipaj uman al <a href=\"https:\/\/www.asi.it\/en\">Agen\u021biei Spa\u021biale Italiene ASI<\/a><\/li><li>Franco Fenoglio, director la zborurilor spa\u021biale cu echipaj uman \u0219i al programelor de transport spa\u021bial al companiei <a href=\"https:\/\/www.thalesgroup.com\/en\/countries\/europe\/italy\">Thales Alenia Space Italia<\/a><\/li><li>Jakub Knir, specialist CFD al companiei <a href=\"https:\/\/www.fosterandpartners.com\/\">Foster and Partners<\/a><\/li><li>Christian Ohlendorff Knudsen, candidat <a href=\"https:\/\/www.mars-one.com\/\">Mars One<\/a><\/li><li>Andrea Pellacani, Manager de Proiect AIM al companiei <a href=\"https:\/\/www.gmv.com\/en\/\">GMV<\/a><\/li><\/ul><p>Viitorul astronaut care candideaz\u0103 pentru un zbor f\u0103r\u0103 \u00eentoarcere c\u0103tre Marte, Christian Ohlendorff Knudsen a astras \u00een primul r\u00e2nd \u00eentreaga aten\u021bie. Cei cinci au fost \u00eentreba\u021bi de moderatorul Akash Trivedi care este orizontul de timp \u00een care vom atinge planeta Marte cu echipaj uman. Christian a r\u0103spuns c\u0103 exist\u0103 dou\u0103 scenarii: unul de sacrificiu, pentru care a estimat 10 ani \u0219i unul \u00een care siguran\u021ba \u0219i confortul astronau\u021bilor va fi mai ridicat, \u00een cca. 20 de ani. Marino \u0219i Franco au plasat aterizarea pe Marte la 20 de ani \u0219i peste, Jakub \u0219i Andrea au apreciat la 15 ani. Au fost men\u021bionate problemele \u00eenc\u0103 nerezolvate, \u00een special efectul radia\u021biilor cosmice asupra oamenilor. O prezen\u021b\u0103 inedit\u0103 a unei companii de arhitectur\u0103, <a href=\"https:\/\/www.fosterandpartners.com\/\">Foster and Partners<\/a>, a suprins audien\u021ba. Arthitectura \u00eens\u0103 se refer\u0103 la construc\u021bii pe Lun\u0103 sau pe Marte, folosind o imprimant\u0103 3D capabil\u0103 s\u0103 proceseze praful de bazalt aflat pe aceste corpuri cere\u0219ti pentru a construi viitoarele ad\u0103posturi.<\/p><p>Din partea industriei spa\u021biale au mai participat Mansoor Shar de la <a href=\"https:\/\/www.inmarsat.com\/\">Inmarsat<\/a> \u0219i Jaroslaw Jaworski, director al departamentului de robotic\u0103 de la <a href=\"http:\/\/piap.pl\/en\/About-the-Institute\">PIAP Space<\/a>.<\/p><p>Andrea Pellacani, inginer aerospa\u021bial, a f\u0103cut o prezentare separat\u0103 a companiei <a href=\"https:\/\/www.gmv.com\/en\/\">GMV<\/a>. \u00cen fotografie l-am surprins \u00eempreun\u0103 cu absolventa Facult\u0103\u021bii de Inginerie Aerospa\u021bial\u0103, Corina \u0218tiubei, care a fost organizator adjunct al evenimentului SGAC.<\/p><p><img class=\"alignnone size-large wp-image-9399\" src=\"https:\/\/inginerie.aero\/wp-content\/uploads\/2018\/03\/IMG_5717_s-1024x768.jpg\" alt=\"\" width=\"1024\" height=\"768\" \/><\/p><p>Compania spaniol\u0103 <a href=\"https:\/\/www.gmv.com\/en\/\">GMV<\/a> s-extins pe mai multe continente, fiind actualmente o multina\u021bional\u0103, implicat\u0103 \u00een multe proiecte ESA. Naviga\u021bia absolut\u0103 \u0219i relativ\u0103 a misiunii din Proiectul Luna-Resurs \u0219i algoritmul de ghidare, naviga\u021bie \u0219i control (GNC) al misiunii ROSETTA pentru partea Asteroid Impact Mission (AIM) sunt doar c\u00e2teva dintre aplica\u021biile dezvoltate de GMV. Andrea a concluzionat c\u0103 problemele cheie ale explor\u0103rii noilor frontiere (Luna, Asteroizii \u0219i Marte) sunt algoritmii GNC care func\u021bioneaz\u0103 \u0219i iau decizii autonom, spre deosebire de situa\u021bia actual\u0103, unde toate deciziile se iau \u00eentr-un centru de compand\u0103 aflat pe P\u0103m\u00e2nt. \u00cen aceast\u0103 chestiune, un rol esen\u021bial \u00eel va avea naviga\u021bia spa\u021bial\u0103. Aceast\u0103 afirma\u021bie mi-a confirmat propriile idei \u0219i mi-a oferit o resurs\u0103 motiva\u021bional\u0103 pentru studen\u021bii c\u0103rora \u00eencerc s\u0103 le predau naviga\u021bie aerian\u0103 \u0219i spa\u021bial\u0103. \u00cen amintirea acestui moment inspira\u021bional, am f\u0103cut o fotografie cu Andrea.<\/p><p><img class=\"alignnone size-large wp-image-9400\" src=\"https:\/\/inginerie.aero\/wp-content\/uploads\/2018\/03\/IMG_5731_s-768x1024.jpg\" alt=\"\" width=\"768\" height=\"1024\" \/><\/p><p>Ne-a bucurat \u00een mod deosebit faptul c\u0103 Andrea Pellacani a men\u021bionat c\u0103 \u201dsubsidiara GMV din Rom\u00e2nia este una foarte activ\u0103, implicat\u0103 deja \u00een proiecte importante\u201d \u0219i c\u0103 \u201dvom vedea \u00een viitor o dezvoltare major\u0103 a subsidiarei din Rom\u00e2nia, cu \u0219i mai multe proiecte \u00een care va juca un rol substan\u021bial\u201d. Subsidiara GMV Rom\u00e2nia a angajat un num\u0103r considerabil de Alumni ai Facult\u0103\u021bii de Inginerie Aerospa\u021bial\u0103. \u00cen fotografia urm\u0103toare i-am surprins pe ing. Cristian Corneliu Chi\u021bu, director de spa\u021biu al GMV Rom\u00e2nia, \u00eempreun\u0103 cu ing. Florin Mistr\u0103p\u0103u. Ambii sunt absolven\u021bi ai Facult\u0103\u021bii de Inginerie Aerospa\u021bial\u0103. Cristian a absolvit \u00een 2009 specializarea Construc\u021bii Aerospa\u021biale, iar Florin specializarea Echipamente \u0219i Instala\u021bii de Avia\u021bie \u00een 2015 \u0219i programul de masterat Avionic\u0103 \u0219i Naviga\u021bie Aerospa\u021bial\u0103 \u00een 2017. Directorul Cristian Chi\u021bu a men\u021bionat c\u0103 GMV Rom\u00e2nia are un plan pe termen mediu de angajare a \u00eenc\u0103 20 de ingineri aerospa\u021biali.<\/p><p><img class=\"alignnone size-large wp-image-9401\" src=\"https:\/\/inginerie.aero\/wp-content\/uploads\/2018\/03\/IMG_5729_s-768x1024.jpg\" alt=\"\" width=\"768\" height=\"1024\" \/><\/p><p>O alt\u0103 companie care caut\u0103 s\u0103 recruteze tineri ingineri aerospa\u021biali prezent\u0103 la eveniment a fost <a href=\"https:\/\/www.hespace.com\/\">HE Space<\/a>, reprezentat\u0103 de Ioana \u0218elaru, responsabil de recrutarea personalului tehnic.<\/p><p>Evenimentul a avut o frumoas\u0103 \u00eencheiere cu o mas\u0103 festiv\u0103 la somptuosul Palat Ghica de pe Calea Victoriei. S\u0103 sper\u0103m c\u0103 Rom\u00e2nia le-a pl\u0103cut invita\u021bilor \u0219i c\u0103 vor reveni cu ocazia unor evenimente aerospa\u021biale de anvergur\u0103 interna\u021bional\u0103.<\/p><p>\u00a0<\/p><p>[\/et_pb_text][et_pb_divider color=\"rgba(147,175,193,0.39)\" show_divider=\"on\" divider_style=\"solid\" divider_position=\"top\" hide_on_mobile=\"on\" \/][et_pb_comments show_avatar=\"on\" show_reply=\"on\" show_count=\"off\" background_layout=\"light\" use_border_color=\"off\" border_color=\"#ffffff\" border_style=\"solid\" custom_button=\"off\" button_letter_spacing=\"0\" button_use_icon=\"default\" button_icon_placement=\"right\" button_on_hover=\"on\" button_letter_spacing_hover=\"0\" \/][\/et_pb_column_inner][\/et_pb_row_inner][\/et_pb_column][et_pb_column type=\"1_4\"][et_pb_blog fullwidth=\"off\" include_categories=\"11\" show_thumbnail=\"off\" show_content=\"off\" show_more=\"off\" show_author=\"on\" show_date=\"on\" show_categories=\"off\" show_comments=\"off\" show_pagination=\"on\" offset_number=\"0\" use_overlay=\"off\" background_layout=\"light\" use_dropshadow=\"on\" use_border_color=\"on\" border_color=\"#e5e5e5\" border_style=\"solid\" \/][\/et_pb_column][\/et_pb_section]<\/p>","_et_gb_content_width":"","jetpack_post_was_ever_published":false,"_jetpack_newsletter_access":"","_jetpack_dont_email_post_to_subs":false,"_jetpack_newsletter_tier_id":0,"_jetpack_memberships_contains_paywalled_content":false,"_jetpack_memberships_contains_paid_content":false,"footnotes":"","jetpack_publicize_message":"","jetpack_publicize_feature_enabled":true,"jetpack_social_post_already_shared":true,"jetpack_social_options":{"image_generator_settings":{"template":"highway","enabled":false},"version":2},"_links_to":"","_links_to_target":""},"categories":[127,55,51],"tags":[],"class_list":["post-9403","post","type-post","status-publish","format-standard","has-post-thumbnail","hentry","category-aviation-and-astronautics","category-events","category-news"],"jetpack_publicize_connections":[],"yoast_head":"<!-- This site is optimized with the Yoast SEO plugin v24.3 - https:\/\/yoast.com\/wordpress\/plugins\/seo\/ -->\n<title>E-SGAC Bucharest 2018 - Alumni Politehnica Aerospace Engineering<\/title>\n<meta name=\"robots\" content=\"index, follow, max-snippet:-1, max-image-preview:large, max-video-preview:-1\" \/>\n<link rel=\"canonical\" href=\"https:\/\/inginerie.aero\/index.php\/en\/2018\/03\/11\/e-sgac-bucharest-2018\/\" \/>\n<meta property=\"og:locale\" content=\"ro_RO\" \/>\n<meta property=\"og:type\" content=\"article\" \/>\n<meta property=\"og:title\" content=\"E-SGAC Bucharest 2018 - Alumni Politehnica Aerospace Engineering\" \/>\n<meta property=\"og:description\" content=\"&nbsp; Photo: www.esa.int Prof. Dr. Kai-Uwe Schrogl, Chief Strategy Officer at the\u00a0European Space Agency (ESA)\u00a0addressed the young community of the space generation at the\u00a03-rd European Space Generation Workshop\u00a0(SGAC), which took place in Bucharest, on 9-10 March 2018. This is an advisory council to the UN for space and perfectly understandable these days, it is not [&hellip;]\" \/>\n<meta property=\"og:url\" content=\"https:\/\/inginerie.aero\/index.php\/en\/2018\/03\/11\/e-sgac-bucharest-2018\/\" \/>\n<meta property=\"og:site_name\" content=\"Alumni Politehnica Aerospace Engineering\" \/>\n<meta property=\"article:publisher\" content=\"https:\/\/www.facebook.com\/groups\/InginerieAerospatiala\/\" \/>\n<meta property=\"article:published_time\" content=\"2018-03-11T12:21:33+00:00\" \/>\n<meta property=\"article:modified_time\" content=\"2021-03-07T18:52:45+00:00\" \/>\n<meta property=\"og:image\" content=\"https:\/\/inginerie.aero\/wp-content\/uploads\/2018\/03\/IMG_5711_s.jpg\" \/>\n\t<meta property=\"og:image:width\" content=\"1024\" \/>\n\t<meta property=\"og:image:height\" content=\"768\" \/>\n\t<meta property=\"og:image:type\" content=\"image\/jpeg\" \/>\n<meta name=\"author\" content=\"Octavian Thor Pleter\" \/>\n<meta name=\"twitter:card\" content=\"summary_large_image\" \/>\n<meta name=\"twitter:label1\" content=\"Scris de\" \/>\n\t<meta name=\"twitter:data1\" content=\"Octavian Thor Pleter\" \/>\n\t<meta name=\"twitter:label2\" content=\"Timp estimat pentru citire\" \/>\n\t<meta name=\"twitter:data2\" content=\"8 minute\" \/>\n<script type=\"application\/ld+json\" class=\"yoast-schema-graph\">{\"@context\":\"https:\/\/schema.org\",\"@graph\":[{\"@type\":\"Article\",\"@id\":\"https:\/\/inginerie.aero\/index.php\/en\/2018\/03\/11\/e-sgac-bucharest-2018\/#article\",\"isPartOf\":{\"@id\":\"https:\/\/inginerie.aero\/index.php\/en\/2018\/03\/11\/e-sgac-bucharest-2018\/\"},\"author\":{\"name\":\"Octavian Thor Pleter\",\"@id\":\"https:\/\/inginerie.aero\/#\/schema\/person\/b0d5910765f3ac927c3c0b221cf4c59a\"},\"headline\":\"E-SGAC Bucharest 2018\",\"datePublished\":\"2018-03-11T12:21:33+00:00\",\"dateModified\":\"2021-03-07T18:52:45+00:00\",\"mainEntityOfPage\":{\"@id\":\"https:\/\/inginerie.aero\/index.php\/en\/2018\/03\/11\/e-sgac-bucharest-2018\/\"},\"wordCount\":1503,\"commentCount\":0,\"publisher\":{\"@id\":\"https:\/\/inginerie.aero\/#organization\"},\"image\":{\"@id\":\"https:\/\/inginerie.aero\/index.php\/en\/2018\/03\/11\/e-sgac-bucharest-2018\/#primaryimage\"},\"thumbnailUrl\":\"https:\/\/inginerie.aero\/wp-content\/uploads\/2018\/03\/IMG_5711_s.jpg\",\"articleSection\":[\"Aviation and Astronautics\",\"Events\",\"News\"],\"inLanguage\":\"ro-RO\",\"potentialAction\":[{\"@type\":\"CommentAction\",\"name\":\"Comment\",\"target\":[\"https:\/\/inginerie.aero\/index.php\/en\/2018\/03\/11\/e-sgac-bucharest-2018\/#respond\"]}]},{\"@type\":\"WebPage\",\"@id\":\"https:\/\/inginerie.aero\/index.php\/en\/2018\/03\/11\/e-sgac-bucharest-2018\/\",\"url\":\"https:\/\/inginerie.aero\/index.php\/en\/2018\/03\/11\/e-sgac-bucharest-2018\/\",\"name\":\"E-SGAC Bucharest 2018 - Alumni Politehnica Aerospace Engineering\",\"isPartOf\":{\"@id\":\"https:\/\/inginerie.aero\/#website\"},\"primaryImageOfPage\":{\"@id\":\"https:\/\/inginerie.aero\/index.php\/en\/2018\/03\/11\/e-sgac-bucharest-2018\/#primaryimage\"},\"image\":{\"@id\":\"https:\/\/inginerie.aero\/index.php\/en\/2018\/03\/11\/e-sgac-bucharest-2018\/#primaryimage\"},\"thumbnailUrl\":\"https:\/\/inginerie.aero\/wp-content\/uploads\/2018\/03\/IMG_5711_s.jpg\",\"datePublished\":\"2018-03-11T12:21:33+00:00\",\"dateModified\":\"2021-03-07T18:52:45+00:00\",\"breadcrumb\":{\"@id\":\"https:\/\/inginerie.aero\/index.php\/en\/2018\/03\/11\/e-sgac-bucharest-2018\/#breadcrumb\"},\"inLanguage\":\"ro-RO\",\"potentialAction\":[{\"@type\":\"ReadAction\",\"target\":[\"https:\/\/inginerie.aero\/index.php\/en\/2018\/03\/11\/e-sgac-bucharest-2018\/\"]}]},{\"@type\":\"ImageObject\",\"inLanguage\":\"ro-RO\",\"@id\":\"https:\/\/inginerie.aero\/index.php\/en\/2018\/03\/11\/e-sgac-bucharest-2018\/#primaryimage\",\"url\":\"https:\/\/inginerie.aero\/wp-content\/uploads\/2018\/03\/IMG_5711_s.jpg\",\"contentUrl\":\"https:\/\/inginerie.aero\/wp-content\/uploads\/2018\/03\/IMG_5711_s.jpg\",\"width\":1024,\"height\":768},{\"@type\":\"BreadcrumbList\",\"@id\":\"https:\/\/inginerie.aero\/index.php\/en\/2018\/03\/11\/e-sgac-bucharest-2018\/#breadcrumb\",\"itemListElement\":[{\"@type\":\"ListItem\",\"position\":1,\"name\":\"Acas\u0103\",\"item\":\"https:\/\/inginerie.aero\/index.php\/ro\/acasa\/\"},{\"@type\":\"ListItem\",\"position\":2,\"name\":\"E-SGAC Bucharest 2018\"}]},{\"@type\":\"WebSite\",\"@id\":\"https:\/\/inginerie.aero\/#website\",\"url\":\"https:\/\/inginerie.aero\/\",\"name\":\"Facultatea de Inginerie Aerospatiala\",\"description\":\"Site-ul Asociatiei de Alumni ai Facultatii de Inginerie Aerospatiala din cadrul Universitatii POLITEHNICA Bucuresti\",\"publisher\":{\"@id\":\"https:\/\/inginerie.aero\/#organization\"},\"potentialAction\":[{\"@type\":\"SearchAction\",\"target\":{\"@type\":\"EntryPoint\",\"urlTemplate\":\"https:\/\/inginerie.aero\/?s={search_term_string}\"},\"query-input\":{\"@type\":\"PropertyValueSpecification\",\"valueRequired\":true,\"valueName\":\"search_term_string\"}}],\"inLanguage\":\"ro-RO\"},{\"@type\":\"Organization\",\"@id\":\"https:\/\/inginerie.aero\/#organization\",\"name\":\"University Politehnica of Bucharest Faculty of Aerospace Engineering\",\"url\":\"https:\/\/inginerie.aero\/\",\"logo\":{\"@type\":\"ImageObject\",\"inLanguage\":\"ro-RO\",\"@id\":\"https:\/\/inginerie.aero\/#\/schema\/logo\/image\/\",\"url\":\"https:\/\/inginerie.aero\/wp-content\/uploads\/2017\/03\/sigla1.png\",\"contentUrl\":\"https:\/\/inginerie.aero\/wp-content\/uploads\/2017\/03\/sigla1.png\",\"width\":734,\"height\":735,\"caption\":\"University Politehnica of Bucharest Faculty of Aerospace Engineering\"},\"image\":{\"@id\":\"https:\/\/inginerie.aero\/#\/schema\/logo\/image\/\"},\"sameAs\":[\"https:\/\/www.facebook.com\/groups\/InginerieAerospatiala\/\"]},{\"@type\":\"Person\",\"@id\":\"https:\/\/inginerie.aero\/#\/schema\/person\/b0d5910765f3ac927c3c0b221cf4c59a\",\"name\":\"Octavian Thor Pleter\",\"image\":{\"@type\":\"ImageObject\",\"inLanguage\":\"ro-RO\",\"@id\":\"https:\/\/inginerie.aero\/#\/schema\/person\/image\/\",\"url\":\"https:\/\/secure.gravatar.com\/avatar\/e731ef58e12546927afee2390f970c77?s=96&d=wavatar&r=g\",\"contentUrl\":\"https:\/\/secure.gravatar.com\/avatar\/e731ef58e12546927afee2390f970c77?s=96&d=wavatar&r=g\",\"caption\":\"Octavian Thor Pleter\"},\"url\":\"https:\/\/inginerie.aero\/index.php\/author\/octavian-pleter\/\"}]}<\/script>\n<!-- \/ Yoast SEO plugin. -->","yoast_head_json":{"title":"E-SGAC Bucharest 2018 - Alumni Politehnica Aerospace Engineering","robots":{"index":"index","follow":"follow","max-snippet":"max-snippet:-1","max-image-preview":"max-image-preview:large","max-video-preview":"max-video-preview:-1"},"canonical":"https:\/\/inginerie.aero\/index.php\/en\/2018\/03\/11\/e-sgac-bucharest-2018\/","og_locale":"ro_RO","og_type":"article","og_title":"E-SGAC Bucharest 2018 - Alumni Politehnica Aerospace Engineering","og_description":"&nbsp; Photo: www.esa.int Prof. Dr. Kai-Uwe Schrogl, Chief Strategy Officer at the\u00a0European Space Agency (ESA)\u00a0addressed the young community of the space generation at the\u00a03-rd European Space Generation Workshop\u00a0(SGAC), which took place in Bucharest, on 9-10 March 2018. This is an advisory council to the UN for space and perfectly understandable these days, it is not [&hellip;]","og_url":"https:\/\/inginerie.aero\/index.php\/en\/2018\/03\/11\/e-sgac-bucharest-2018\/","og_site_name":"Alumni Politehnica Aerospace Engineering","article_publisher":"https:\/\/www.facebook.com\/groups\/InginerieAerospatiala\/","article_published_time":"2018-03-11T12:21:33+00:00","article_modified_time":"2021-03-07T18:52:45+00:00","og_image":[{"width":1024,"height":768,"url":"https:\/\/inginerie.aero\/wp-content\/uploads\/2018\/03\/IMG_5711_s.jpg","type":"image\/jpeg"}],"author":"Octavian Thor Pleter","twitter_card":"summary_large_image","twitter_misc":{"Scris de":"Octavian Thor Pleter","Timp estimat pentru citire":"8 minute"},"schema":{"@context":"https:\/\/schema.org","@graph":[{"@type":"Article","@id":"https:\/\/inginerie.aero\/index.php\/en\/2018\/03\/11\/e-sgac-bucharest-2018\/#article","isPartOf":{"@id":"https:\/\/inginerie.aero\/index.php\/en\/2018\/03\/11\/e-sgac-bucharest-2018\/"},"author":{"name":"Octavian Thor Pleter","@id":"https:\/\/inginerie.aero\/#\/schema\/person\/b0d5910765f3ac927c3c0b221cf4c59a"},"headline":"E-SGAC Bucharest 2018","datePublished":"2018-03-11T12:21:33+00:00","dateModified":"2021-03-07T18:52:45+00:00","mainEntityOfPage":{"@id":"https:\/\/inginerie.aero\/index.php\/en\/2018\/03\/11\/e-sgac-bucharest-2018\/"},"wordCount":1503,"commentCount":0,"publisher":{"@id":"https:\/\/inginerie.aero\/#organization"},"image":{"@id":"https:\/\/inginerie.aero\/index.php\/en\/2018\/03\/11\/e-sgac-bucharest-2018\/#primaryimage"},"thumbnailUrl":"https:\/\/inginerie.aero\/wp-content\/uploads\/2018\/03\/IMG_5711_s.jpg","articleSection":["Aviation and Astronautics","Events","News"],"inLanguage":"ro-RO","potentialAction":[{"@type":"CommentAction","name":"Comment","target":["https:\/\/inginerie.aero\/index.php\/en\/2018\/03\/11\/e-sgac-bucharest-2018\/#respond"]}]},{"@type":"WebPage","@id":"https:\/\/inginerie.aero\/index.php\/en\/2018\/03\/11\/e-sgac-bucharest-2018\/","url":"https:\/\/inginerie.aero\/index.php\/en\/2018\/03\/11\/e-sgac-bucharest-2018\/","name":"E-SGAC Bucharest 2018 - Alumni Politehnica Aerospace Engineering","isPartOf":{"@id":"https:\/\/inginerie.aero\/#website"},"primaryImageOfPage":{"@id":"https:\/\/inginerie.aero\/index.php\/en\/2018\/03\/11\/e-sgac-bucharest-2018\/#primaryimage"},"image":{"@id":"https:\/\/inginerie.aero\/index.php\/en\/2018\/03\/11\/e-sgac-bucharest-2018\/#primaryimage"},"thumbnailUrl":"https:\/\/inginerie.aero\/wp-content\/uploads\/2018\/03\/IMG_5711_s.jpg","datePublished":"2018-03-11T12:21:33+00:00","dateModified":"2021-03-07T18:52:45+00:00","breadcrumb":{"@id":"https:\/\/inginerie.aero\/index.php\/en\/2018\/03\/11\/e-sgac-bucharest-2018\/#breadcrumb"},"inLanguage":"ro-RO","potentialAction":[{"@type":"ReadAction","target":["https:\/\/inginerie.aero\/index.php\/en\/2018\/03\/11\/e-sgac-bucharest-2018\/"]}]},{"@type":"ImageObject","inLanguage":"ro-RO","@id":"https:\/\/inginerie.aero\/index.php\/en\/2018\/03\/11\/e-sgac-bucharest-2018\/#primaryimage","url":"https:\/\/inginerie.aero\/wp-content\/uploads\/2018\/03\/IMG_5711_s.jpg","contentUrl":"https:\/\/inginerie.aero\/wp-content\/uploads\/2018\/03\/IMG_5711_s.jpg","width":1024,"height":768},{"@type":"BreadcrumbList","@id":"https:\/\/inginerie.aero\/index.php\/en\/2018\/03\/11\/e-sgac-bucharest-2018\/#breadcrumb","itemListElement":[{"@type":"ListItem","position":1,"name":"Acas\u0103","item":"https:\/\/inginerie.aero\/index.php\/ro\/acasa\/"},{"@type":"ListItem","position":2,"name":"E-SGAC Bucharest 2018"}]},{"@type":"WebSite","@id":"https:\/\/inginerie.aero\/#website","url":"https:\/\/inginerie.aero\/","name":"Facultatea de Inginerie Aerospatiala","description":"Site-ul Asociatiei de Alumni ai Facultatii de Inginerie Aerospatiala din cadrul Universitatii POLITEHNICA Bucuresti","publisher":{"@id":"https:\/\/inginerie.aero\/#organization"},"potentialAction":[{"@type":"SearchAction","target":{"@type":"EntryPoint","urlTemplate":"https:\/\/inginerie.aero\/?s={search_term_string}"},"query-input":{"@type":"PropertyValueSpecification","valueRequired":true,"valueName":"search_term_string"}}],"inLanguage":"ro-RO"},{"@type":"Organization","@id":"https:\/\/inginerie.aero\/#organization","name":"University Politehnica of Bucharest Faculty of Aerospace Engineering","url":"https:\/\/inginerie.aero\/","logo":{"@type":"ImageObject","inLanguage":"ro-RO","@id":"https:\/\/inginerie.aero\/#\/schema\/logo\/image\/","url":"https:\/\/inginerie.aero\/wp-content\/uploads\/2017\/03\/sigla1.png","contentUrl":"https:\/\/inginerie.aero\/wp-content\/uploads\/2017\/03\/sigla1.png","width":734,"height":735,"caption":"University Politehnica of Bucharest Faculty of Aerospace Engineering"},"image":{"@id":"https:\/\/inginerie.aero\/#\/schema\/logo\/image\/"},"sameAs":["https:\/\/www.facebook.com\/groups\/InginerieAerospatiala\/"]},{"@type":"Person","@id":"https:\/\/inginerie.aero\/#\/schema\/person\/b0d5910765f3ac927c3c0b221cf4c59a","name":"Octavian Thor Pleter","image":{"@type":"ImageObject","inLanguage":"ro-RO","@id":"https:\/\/inginerie.aero\/#\/schema\/person\/image\/","url":"https:\/\/secure.gravatar.com\/avatar\/e731ef58e12546927afee2390f970c77?s=96&d=wavatar&r=g","contentUrl":"https:\/\/secure.gravatar.com\/avatar\/e731ef58e12546927afee2390f970c77?s=96&d=wavatar&r=g","caption":"Octavian Thor Pleter"},"url":"https:\/\/inginerie.aero\/index.php\/author\/octavian-pleter\/"}]}},"jetpack_featured_media_url":"https:\/\/inginerie.aero\/wp-content\/uploads\/2018\/03\/IMG_5711_s.jpg","jetpack_sharing_enabled":true,"jetpack_shortlink":"https:\/\/wp.me\/pbbi8l-2rF","_links":{"self":[{"href":"https:\/\/inginerie.aero\/index.php\/wp-json\/wp\/v2\/posts\/9403","targetHints":{"allow":["GET"]}}],"collection":[{"href":"https:\/\/inginerie.aero\/index.php\/wp-json\/wp\/v2\/posts"}],"about":[{"href":"https:\/\/inginerie.aero\/index.php\/wp-json\/wp\/v2\/types\/post"}],"author":[{"embeddable":true,"href":"https:\/\/inginerie.aero\/index.php\/wp-json\/wp\/v2\/users\/5"}],"replies":[{"embeddable":true,"href":"https:\/\/inginerie.aero\/index.php\/wp-json\/wp\/v2\/comments?post=9403"}],"version-history":[{"count":3,"href":"https:\/\/inginerie.aero\/index.php\/wp-json\/wp\/v2\/posts\/9403\/revisions"}],"predecessor-version":[{"id":9406,"href":"https:\/\/inginerie.aero\/index.php\/wp-json\/wp\/v2\/posts\/9403\/revisions\/9406"}],"wp:featuredmedia":[{"embeddable":true,"href":"https:\/\/inginerie.aero\/index.php\/wp-json\/wp\/v2\/media\/9394"}],"wp:attachment":[{"href":"https:\/\/inginerie.aero\/index.php\/wp-json\/wp\/v2\/media?parent=9403"}],"wp:term":[{"taxonomy":"category","embeddable":true,"href":"https:\/\/inginerie.aero\/index.php\/wp-json\/wp\/v2\/categories?post=9403"},{"taxonomy":"post_tag","embeddable":true,"href":"https:\/\/inginerie.aero\/index.php\/wp-json\/wp\/v2\/tags?post=9403"}],"curies":[{"name":"wp","href":"https:\/\/api.w.org\/{rel}","templated":true}]}}